{"id":9720,"date":"2023-08-20T08:30:23","date_gmt":"2023-08-20T07:30:23","guid":{"rendered":"http:\/\/www.gizalde.eus\/?p=9720"},"modified":"2023-09-27T11:20:32","modified_gmt":"2023-09-27T10:20:32","slug":"censo-general-de-entidades-de-voluntariado-y-censo-del-tercer-sector-social-de-euskadi","status":"publish","type":"post","link":"https:\/\/www.gizalde.eus\/es\/censo-general-de-entidades-de-voluntariado-y-censo-del-tercer-sector-social-de-euskadi\/","title":{"rendered":"Censo del tercer sector social de Euskadi y Censo general de entidades de voluntariado."},"content":{"rendered":"<p><a href=\"https:\/\/3seuskadi.eus\/breve\/censo-de-entidades-del-tercer-sector-social-de-euskadi\/\" target=\"_blank\" rel=\"noopener\">Fuente: Observatorio Vasco del Tercer Sector Social<\/a><\/p>\n<p><strong>INTRODUCCI\u00d3N.<\/strong><\/p>\n<p>El pasado mes de abril se public\u00f3 el decreto que pone en marcha el Censo de Entidades del Tercer Sector Social en Euskadi. Este censo, que desarrolla lo previsto en la ley 6\/2016, del 12 de mayo, del Tercer Sector Social de Euskadi, es un paso m\u00e1s en la consolidaci\u00f3n del Tercer Sector Social de Euskadi y contribuye al conocimiento y publicidad de las entidades que lo constituyen.<\/p>\n<p>La promulgaci\u00f3n de la ley del Tercer Sector Social de Euskadi en 2016 supuso un hito para las organizaciones y para el sector en general, dado que en ella se present\u00f3 por primera vez una definici\u00f3n en positivo: el tercer sector social agrupa a las entidades de iniciativa e intervenci\u00f3n social.<\/p>\n<p>La Ley 6\/2016 se\u00f1ala que el tercer sector social de Euskadi est\u00e1 conformado por el conjunto de organizaciones, con estructura legal y personalidad jur\u00eddica, inscritas en el registro correspondiente a su figura jur\u00eddica, de acci\u00f3n voluntaria, no lucrativas, privadas, autogobernadas y autogestionadas, con sede y actividad en Euskadi, cuya finalidad principal es promoverla inclusi\u00f3n social, la cooperaci\u00f3n al desarrollo y el ejercicio efectivo de los derechos de las personas, familias, colectivos o comunidades que afrontan situaciones de vulnerabilidad o exclusi\u00f3n, desprotecci\u00f3n y dependencia, a trav\u00e9s de actividades de intervenci\u00f3n social, entendiendo por tales los servicios sociales, la promoci\u00f3n del acceso al empleo y cualquier otra orientada a promover la inclusi\u00f3n social de aquellas, incluidas las actividades desarrolladas con esta finalidad en los espacios de interacci\u00f3n entre \u00e1mbitos, pol\u00edticas y sistemas, como los espacios sociolaboral, sociohabitacional, socioeducativo, sociosanitario, sociojudicial o sociocultural, u otros.<\/p>\n<a href='https:\/\/3seuskadi.eus\/breve\/censo-de-entidades-del-tercer-sector-social-de-euskadi\/' class='big-button bigblue' target=\"_blank\">M\u00c1S INFORMACI\u00d3N<\/a>\n<p>&nbsp;<\/p>\n<p><strong>PROCEDIMIENTO PARA REALIZAR LA INSCRIPCI\u00d3N EN EL CENSO DE ORGANIZACIONES DEL TERCER SECTOR SOCIAL DE EUSKADI.<\/strong><\/p>\n<p><strong>1.- C\u00f3mo se inscribe \u2013 Solicitud electr\u00f3nica<\/strong><\/p>\n<p>La tramitaci\u00f3n se realizar\u00e1 exclusivamente de manera electr\u00f3nica, en la sede electr\u00f3nica de la Administraci\u00f3n P\u00fablica de la Comunidad Aut\u00f3noma de Euskadi.<\/p>\n<p><a href=\"https:\/\/www.euskadi.eus\/registro\/censo-de-organizaciones-del-tercer-sector-social-de-euskadi\/web01-tramite\/es\/\" target=\"_blank\" rel=\"noopener\">https:\/\/www.euskadi.eus\/registro\/censo-de-organizaciones-del-tercer-sector-social-de-euskadi\/web01-tramite\/es\/<\/a><\/p>\n<p>(A la direcci\u00f3n electr\u00f3nica indicada, tambi\u00e9n se puede acceder a trav\u00e9s de un buscador de internet, indicando en la b\u00fasqueda Censo de organizaciones del Tercer Sector Social de Euskadi que derivar\u00e1 a la misma p\u00e1gina)<\/p>\n<p>Los medios de identificaci\u00f3n electr\u00f3nica se indican en la siguiente direcci\u00f3n web:<\/p>\n<p><a href=\"https:\/\/www.euskadi.eus\/medios-de-identificacion-electronica-admitidos\/web01-sede\/es\/\" target=\"_blank\" rel=\"noopener\">https:\/\/www.euskadi.eus\/medios-de-identificacion-electronica-admitidos\/web01-sede\/es\/<\/a><\/p>\n<p>&nbsp;<\/p>\n<p><strong>2.- Quien realiza la solicitud electr\u00f3nica<\/strong><\/p>\n<p>La solicitud podr\u00e1 realizarse con tarjeta de persona f\u00edsica o de persona jur\u00eddica.<\/p>\n<p>Si se realiza con tarjeta de persona f\u00edsica, en la solicitud deber\u00e1 indicarse que se act\u00faa como representante e indicar a qu\u00e9 entidad se representa.<\/p>\n<p>&nbsp;<\/p>\n<p><strong>3.- Qu\u00e9 se inscribe \u2013 Contenido del censo<\/strong><\/p>\n<p>Al realizar la solicitud electr\u00f3nica la entidad cumplimentar\u00e1 los siguientes datos:<\/p>\n<p>a) Nombre de la organizaci\u00f3n.<br \/>\nb) N\u00famero de inscripci\u00f3n en el registro correspondiente a su naturaleza jur\u00eddica<br \/>\nc) N\u00famero de identificaci\u00f3n fiscal (NIF).<br \/>\nd) Domicilio social.<br \/>\ne) Fines de la organizaci\u00f3n.<br \/>\nf) \u00c1mbito territorial de actuaci\u00f3n.<br \/>\ng) Representante legal.<br \/>\nh) Recursos humanos de la organizaci\u00f3n, con expresi\u00f3n del n\u00famero de personas contratadas y del n\u00famero de personas voluntarias (datos actuales).<\/p>\n<p><strong>4.- Qu\u00e9 documentaci\u00f3n aportar<\/strong><\/p>\n<p>a) Acreditaci\u00f3n de la representaci\u00f3n de quien suscriba la solicitud.<br \/>\nb) Copia de los estatutos.<br \/>\nc) Certificado de inscripci\u00f3n en el Registro correspondiente a su naturaleza jur\u00eddica.<br \/>\nd) Certificado en el que se indique la identidad de las personas que integran el \u00f3rgano de gobierno.<br \/>\ne) Certificado acreditativo de los recursos humanos de la organizaci\u00f3n, con expresi\u00f3n del n\u00famero de personas contratadas y del n\u00famero de las personas voluntarias.<\/p>\n<p>No ser\u00e1 preciso presentar la documentaci\u00f3n a la que se refiere los apartados anteriores b), c) y d) cuando la organizaci\u00f3n conste ya inscrita en un registro p\u00fablico dependiente de la Administraci\u00f3n P\u00fablica de la Comunidad Aut\u00f3noma de Euskadi.<\/p>\n<p>El criterio general es facilitar a las entidades la inscripci\u00f3n en el censo. Es decir, toda la documentaci\u00f3n que la Administraci\u00f3n pueda obtener no ser\u00e1 necesario aportarla.<\/p>\n<a href='https:\/\/3seuskadi.eus\/breve\/censo-de-entidades-del-tercer-sector-social-de-euskadi\/' class='big-button bigblue' target=\"_blank\">M\u00c1S INFORMACI\u00d3N<\/a>\n<p>&nbsp;<\/p>\n<p><strong>CENSO GENERAL DE ORGANIZACIONES DE VOLUNTARIADO.<\/strong><\/p>\n<p>Cuando la entidad se inscriba en el Censo del Tercer Sector Social de Euskadi, de oficio, se dar\u00e1 traslado al Censo General de Organizaciones del Voluntariado para que compruebe si cumple con los requisitos para inscribirse en el mismo, y realice su inscripci\u00f3n.<\/p>\n<p>Si falta documentaci\u00f3n para poder realizar la inscripci\u00f3n, al igual que se ha indicado en el punto anterior, se requerir\u00e1 a la entidad para que aporte la documentaci\u00f3n necesaria.<\/p>\n<p>No todas las entidades que se inscriban en el Censo del Tercer Sector Social de Euskadi van a cumplir requisitos para estar inscritas en el Censo de Organizaciones del Voluntariado.<\/p>\n<p>Asimismo, si la entidad no desea inscribirse en el Censo de Organizaciones del Voluntariado no es necesario que responda al requerimiento y, transcurrido el plazo para subsanar, se archivar\u00e1 el expediente.<\/p>\n<a href='https:\/\/www.euskadi.eus\/registro\/censo-general-de-organizaciones-del-voluntariado\/web01-s2enple\/es\/' class='big-button bigblue' target=\"_blank\">M\u00c1S INFORMACI\u00d3N<\/a>\n<p>&nbsp;<\/p>\n<p>&nbsp;<\/p>\n","protected":false},"excerpt":{"rendered":"<p>Fuente: Observatorio Vasco del Tercer Sector Social INTRODUCCI\u00d3N. El pasado mes de abril se public\u00f3 el decreto que pone en marcha el Censo de Entidades del Tercer Sector Social en Euskadi. Este censo, que desarrolla lo previsto en la ley 6\/2016, del 12 de mayo, del Tercer Sector Social de Euskadi, es un paso m\u00e1s [&hellip;]<\/p>\n","protected":false},"author":2,"featured_media":9718,"comment_status":"closed","ping_status":"open","sticky":false,"template":"","format":"standard","meta":{"_et_pb_use_builder":"","_et_pb_old_content":"","_et_gb_content_width":"","footnotes":""},"categories":[1],"tags":[],"class_list":["post-9720","post","type-post","status-publish","format-standard","has-post-thumbnail","hentry","category-general"],"yoast_head":"<!-- This site is optimized with the Yoast SEO plugin v18.0 - https:\/\/yoast.com\/wordpress\/plugins\/seo\/ -->\n<title>Censo del tercer sector social de Euskadi y Censo general de entidades de voluntariado. | Gizalde<\/title>\n<meta name=\"robots\" content=\"index, follow, max-snippet:-1, max-image-preview:large, max-video-preview:-1\" \/>\n<link rel=\"canonical\" href=\"https:\/\/www.gizalde.eus\/es\/censo-general-de-entidades-de-voluntariado-y-censo-del-tercer-sector-social-de-euskadi\/\" \/>\n<meta property=\"og:locale\" content=\"es_ES\" \/>\n<meta property=\"og:type\" content=\"article\" \/>\n<meta property=\"og:title\" content=\"Censo del tercer sector social de Euskadi y Censo general de entidades de voluntariado. | Gizalde\" \/>\n<meta property=\"og:description\" content=\"Fuente: Observatorio Vasco del Tercer Sector Social INTRODUCCI\u00d3N. El pasado mes de abril se public\u00f3 el decreto que pone en marcha el Censo de Entidades del Tercer Sector Social en Euskadi. Este censo, que desarrolla lo previsto en la ley 6\/2016, del 12 de mayo, del Tercer Sector Social de Euskadi, es un paso m\u00e1s [&hellip;]\" \/>\n<meta property=\"og:url\" content=\"https:\/\/www.gizalde.eus\/es\/censo-general-de-entidades-de-voluntariado-y-censo-del-tercer-sector-social-de-euskadi\/\" \/>\n<meta property=\"og:site_name\" content=\"Gizalde\" \/>\n<meta property=\"article:published_time\" content=\"2023-08-20T07:30:23+00:00\" \/>\n<meta property=\"article:modified_time\" content=\"2023-09-27T10:20:32+00:00\" \/>\n<meta property=\"og:image\" content=\"https:\/\/www.gizalde.eus\/wp-content\/uploads\/2023\/04\/Errolda-Bannerra.jpg\" \/>\n\t<meta property=\"og:image:width\" content=\"1280\" \/>\n\t<meta property=\"og:image:height\" content=\"1280\" \/>\n\t<meta property=\"og:image:type\" content=\"image\/jpeg\" \/>\n<meta name=\"twitter:card\" content=\"summary_large_image\" \/>\n<meta name=\"twitter:label1\" content=\"Escrito por\" \/>\n\t<meta name=\"twitter:data1\" content=\"Gizalde\" \/>\n\t<meta name=\"twitter:label2\" content=\"Tiempo de lectura\" \/>\n\t<meta name=\"twitter:data2\" content=\"5 minutos\" \/>\n<script type=\"application\/ld+json\" class=\"yoast-schema-graph\">{\"@context\":\"https:\/\/schema.org\",\"@graph\":[{\"@type\":\"WebSite\",\"@id\":\"https:\/\/www.gizalde.eus\/es\/#website\",\"url\":\"https:\/\/www.gizalde.eus\/es\/\",\"name\":\"Gizalde\",\"description\":\"Voluntariado Gipuzkoa\",\"potentialAction\":[{\"@type\":\"SearchAction\",\"target\":{\"@type\":\"EntryPoint\",\"urlTemplate\":\"https:\/\/www.gizalde.eus\/es\/?s={search_term_string}\"},\"query-input\":\"required name=search_term_string\"}],\"inLanguage\":\"es\"},{\"@type\":\"ImageObject\",\"@id\":\"https:\/\/www.gizalde.eus\/es\/censo-general-de-entidades-de-voluntariado-y-censo-del-tercer-sector-social-de-euskadi\/#primaryimage\",\"inLanguage\":\"es\",\"url\":\"https:\/\/www.gizalde.eus\/wp-content\/uploads\/2023\/04\/Errolda-Bannerra.jpg\",\"contentUrl\":\"https:\/\/www.gizalde.eus\/wp-content\/uploads\/2023\/04\/Errolda-Bannerra.jpg\",\"width\":1280,\"height\":1280},{\"@type\":\"WebPage\",\"@id\":\"https:\/\/www.gizalde.eus\/es\/censo-general-de-entidades-de-voluntariado-y-censo-del-tercer-sector-social-de-euskadi\/#webpage\",\"url\":\"https:\/\/www.gizalde.eus\/es\/censo-general-de-entidades-de-voluntariado-y-censo-del-tercer-sector-social-de-euskadi\/\",\"name\":\"Censo del tercer sector social de Euskadi y Censo general de entidades de voluntariado. | Gizalde\",\"isPartOf\":{\"@id\":\"https:\/\/www.gizalde.eus\/es\/#website\"},\"primaryImageOfPage\":{\"@id\":\"https:\/\/www.gizalde.eus\/es\/censo-general-de-entidades-de-voluntariado-y-censo-del-tercer-sector-social-de-euskadi\/#primaryimage\"},\"datePublished\":\"2023-08-20T07:30:23+00:00\",\"dateModified\":\"2023-09-27T10:20:32+00:00\",\"author\":{\"@id\":\"https:\/\/www.gizalde.eus\/es\/#\/schema\/person\/59449105a637c42df34c36ee93371b2a\"},\"breadcrumb\":{\"@id\":\"https:\/\/www.gizalde.eus\/es\/censo-general-de-entidades-de-voluntariado-y-censo-del-tercer-sector-social-de-euskadi\/#breadcrumb\"},\"inLanguage\":\"es\",\"potentialAction\":[{\"@type\":\"ReadAction\",\"target\":[\"https:\/\/www.gizalde.eus\/es\/censo-general-de-entidades-de-voluntariado-y-censo-del-tercer-sector-social-de-euskadi\/\"]}]},{\"@type\":\"BreadcrumbList\",\"@id\":\"https:\/\/www.gizalde.eus\/es\/censo-general-de-entidades-de-voluntariado-y-censo-del-tercer-sector-social-de-euskadi\/#breadcrumb\",\"itemListElement\":[{\"@type\":\"ListItem\",\"position\":1,\"name\":\"Portada\",\"item\":\"https:\/\/www.gizalde.eus\/es\/\"},{\"@type\":\"ListItem\",\"position\":2,\"name\":\"Censo del tercer sector social de Euskadi y Censo general de entidades de voluntariado.\"}]},{\"@type\":\"Person\",\"@id\":\"https:\/\/www.gizalde.eus\/es\/#\/schema\/person\/59449105a637c42df34c36ee93371b2a\",\"name\":\"Gizalde\",\"image\":{\"@type\":\"ImageObject\",\"@id\":\"https:\/\/www.gizalde.eus\/es\/#personlogo\",\"inLanguage\":\"es\",\"url\":\"https:\/\/secure.gravatar.com\/avatar\/f8a5e2fe0dc6d3d316f5546f170d13bd5737247911947a52ce26bce707812d83?s=96&d=mm&r=g\",\"contentUrl\":\"https:\/\/secure.gravatar.com\/avatar\/f8a5e2fe0dc6d3d316f5546f170d13bd5737247911947a52ce26bce707812d83?s=96&d=mm&r=g\",\"caption\":\"Gizalde\"}}]}<\/script>\n<!-- \/ Yoast SEO plugin. -->","yoast_head_json":{"title":"Censo del tercer sector social de Euskadi y Censo general de entidades de voluntariado. | Gizalde","robots":{"index":"index","follow":"follow","max-snippet":"max-snippet:-1","max-image-preview":"max-image-preview:large","max-video-preview":"max-video-preview:-1"},"canonical":"https:\/\/www.gizalde.eus\/es\/censo-general-de-entidades-de-voluntariado-y-censo-del-tercer-sector-social-de-euskadi\/","og_locale":"es_ES","og_type":"article","og_title":"Censo del tercer sector social de Euskadi y Censo general de entidades de voluntariado. | Gizalde","og_description":"Fuente: Observatorio Vasco del Tercer Sector Social INTRODUCCI\u00d3N. El pasado mes de abril se public\u00f3 el decreto que pone en marcha el Censo de Entidades del Tercer Sector Social en Euskadi. Este censo, que desarrolla lo previsto en la ley 6\/2016, del 12 de mayo, del Tercer Sector Social de Euskadi, es un paso m\u00e1s [&hellip;]","og_url":"https:\/\/www.gizalde.eus\/es\/censo-general-de-entidades-de-voluntariado-y-censo-del-tercer-sector-social-de-euskadi\/","og_site_name":"Gizalde","article_published_time":"2023-08-20T07:30:23+00:00","article_modified_time":"2023-09-27T10:20:32+00:00","og_image":[{"width":1280,"height":1280,"url":"https:\/\/www.gizalde.eus\/wp-content\/uploads\/2023\/04\/Errolda-Bannerra.jpg","type":"image\/jpeg"}],"twitter_card":"summary_large_image","twitter_misc":{"Escrito por":"Gizalde","Tiempo de lectura":"5 minutos"},"schema":{"@context":"https:\/\/schema.org","@graph":[{"@type":"WebSite","@id":"https:\/\/www.gizalde.eus\/es\/#website","url":"https:\/\/www.gizalde.eus\/es\/","name":"Gizalde","description":"Voluntariado Gipuzkoa","potentialAction":[{"@type":"SearchAction","target":{"@type":"EntryPoint","urlTemplate":"https:\/\/www.gizalde.eus\/es\/?s={search_term_string}"},"query-input":"required name=search_term_string"}],"inLanguage":"es"},{"@type":"ImageObject","@id":"https:\/\/www.gizalde.eus\/es\/censo-general-de-entidades-de-voluntariado-y-censo-del-tercer-sector-social-de-euskadi\/#primaryimage","inLanguage":"es","url":"https:\/\/www.gizalde.eus\/wp-content\/uploads\/2023\/04\/Errolda-Bannerra.jpg","contentUrl":"https:\/\/www.gizalde.eus\/wp-content\/uploads\/2023\/04\/Errolda-Bannerra.jpg","width":1280,"height":1280},{"@type":"WebPage","@id":"https:\/\/www.gizalde.eus\/es\/censo-general-de-entidades-de-voluntariado-y-censo-del-tercer-sector-social-de-euskadi\/#webpage","url":"https:\/\/www.gizalde.eus\/es\/censo-general-de-entidades-de-voluntariado-y-censo-del-tercer-sector-social-de-euskadi\/","name":"Censo del tercer sector social de Euskadi y Censo general de entidades de voluntariado. | Gizalde","isPartOf":{"@id":"https:\/\/www.gizalde.eus\/es\/#website"},"primaryImageOfPage":{"@id":"https:\/\/www.gizalde.eus\/es\/censo-general-de-entidades-de-voluntariado-y-censo-del-tercer-sector-social-de-euskadi\/#primaryimage"},"datePublished":"2023-08-20T07:30:23+00:00","dateModified":"2023-09-27T10:20:32+00:00","author":{"@id":"https:\/\/www.gizalde.eus\/es\/#\/schema\/person\/59449105a637c42df34c36ee93371b2a"},"breadcrumb":{"@id":"https:\/\/www.gizalde.eus\/es\/censo-general-de-entidades-de-voluntariado-y-censo-del-tercer-sector-social-de-euskadi\/#breadcrumb"},"inLanguage":"es","potentialAction":[{"@type":"ReadAction","target":["https:\/\/www.gizalde.eus\/es\/censo-general-de-entidades-de-voluntariado-y-censo-del-tercer-sector-social-de-euskadi\/"]}]},{"@type":"BreadcrumbList","@id":"https:\/\/www.gizalde.eus\/es\/censo-general-de-entidades-de-voluntariado-y-censo-del-tercer-sector-social-de-euskadi\/#breadcrumb","itemListElement":[{"@type":"ListItem","position":1,"name":"Portada","item":"https:\/\/www.gizalde.eus\/es\/"},{"@type":"ListItem","position":2,"name":"Censo del tercer sector social de Euskadi y Censo general de entidades de voluntariado."}]},{"@type":"Person","@id":"https:\/\/www.gizalde.eus\/es\/#\/schema\/person\/59449105a637c42df34c36ee93371b2a","name":"Gizalde","image":{"@type":"ImageObject","@id":"https:\/\/www.gizalde.eus\/es\/#personlogo","inLanguage":"es","url":"https:\/\/secure.gravatar.com\/avatar\/f8a5e2fe0dc6d3d316f5546f170d13bd5737247911947a52ce26bce707812d83?s=96&d=mm&r=g","contentUrl":"https:\/\/secure.gravatar.com\/avatar\/f8a5e2fe0dc6d3d316f5546f170d13bd5737247911947a52ce26bce707812d83?s=96&d=mm&r=g","caption":"Gizalde"}}]}},"_links":{"self":[{"href":"https:\/\/www.gizalde.eus\/es\/wp-json\/wp\/v2\/posts\/9720","targetHints":{"allow":["GET"]}}],"collection":[{"href":"https:\/\/www.gizalde.eus\/es\/wp-json\/wp\/v2\/posts"}],"about":[{"href":"https:\/\/www.gizalde.eus\/es\/wp-json\/wp\/v2\/types\/post"}],"author":[{"embeddable":true,"href":"https:\/\/www.gizalde.eus\/es\/wp-json\/wp\/v2\/users\/2"}],"replies":[{"embeddable":true,"href":"https:\/\/www.gizalde.eus\/es\/wp-json\/wp\/v2\/comments?post=9720"}],"version-history":[{"count":7,"href":"https:\/\/www.gizalde.eus\/es\/wp-json\/wp\/v2\/posts\/9720\/revisions"}],"predecessor-version":[{"id":10324,"href":"https:\/\/www.gizalde.eus\/es\/wp-json\/wp\/v2\/posts\/9720\/revisions\/10324"}],"wp:featuredmedia":[{"embeddable":true,"href":"https:\/\/www.gizalde.eus\/es\/wp-json\/wp\/v2\/media\/9718"}],"wp:attachment":[{"href":"https:\/\/www.gizalde.eus\/es\/wp-json\/wp\/v2\/media?parent=9720"}],"wp:term":[{"taxonomy":"category","embeddable":true,"href":"https:\/\/www.gizalde.eus\/es\/wp-json\/wp\/v2\/categories?post=9720"},{"taxonomy":"post_tag","embeddable":true,"href":"https:\/\/www.gizalde.eus\/es\/wp-json\/wp\/v2\/tags?post=9720"}],"curies":[{"name":"wp","href":"https:\/\/api.w.org\/{rel}","templated":true}]}}