{"id":9636,"date":"2025-04-01T12:00:50","date_gmt":"2025-04-01T11:00:50","guid":{"rendered":"http:\/\/www.gizalde.eus\/?p=9636"},"modified":"2025-04-11T12:49:26","modified_gmt":"2025-04-11T11:49:26","slug":"abierto-el-plazo-para-participar-en-el-programa-auzolandegiak-2023","status":"publish","type":"post","link":"https:\/\/www.gizalde.eus\/es\/abierto-el-plazo-para-participar-en-el-programa-auzolandegiak-2023\/","title":{"rendered":"Abierto el plazo para participar en el programa Auzolandegiak 2025."},"content":{"rendered":"<p>Fuente: Gazteaukera<\/p>\n<p>Un campo de voluntariado juvenil es una actividad en la que un grupo de j\u00f3venes de diferentes procedencias se compromete de forma voluntaria y desinteresada a desarrollar, durante un per\u00edodo de dos a cuatro semanas, un trabajo de proyecci\u00f3n social, combinado con actividades complementarias.<\/p>\n<p>La realizaci\u00f3n del proyecto constituye un medio para fomentar unos determinados valores: convivencia, tolerancia, solidaridad, participaci\u00f3n, aprendizaje intercultural, etc.<\/p>\n<a href='https:\/\/www.gazteaukera.euskadi.eus\/auzolandegiak\/inicio\/' class='big-button bigblue' target=\"_blank\">M\u00e1s informaci\u00f3n<\/a>\n<a href='https:\/\/www.gazteaukera.euskadi.eus\/inscripcion-en-los-campos-de-voluntariado-juvenil-2020\/webgaz00-auzolan5\/es\/' class='big-button bigblue' target=\"_blank\">Inscripci\u00f3n<\/a>\n<p>&nbsp;<\/p>\n<p>&nbsp;<\/p>\n<p>&nbsp;<\/p>\n","protected":false},"excerpt":{"rendered":"<p>Fuente: Gazteaukera Un campo de voluntariado juvenil es una actividad en la que un grupo de j\u00f3venes de diferentes procedencias se compromete de forma voluntaria y desinteresada a desarrollar, durante un per\u00edodo de dos a cuatro semanas, un trabajo de proyecci\u00f3n social, combinado con actividades complementarias. La realizaci\u00f3n del proyecto constituye un medio para fomentar [&hellip;]<\/p>\n","protected":false},"author":2,"featured_media":13872,"comment_status":"closed","ping_status":"open","sticky":false,"template":"","format":"standard","meta":{"_et_pb_use_builder":"","_et_pb_old_content":"","_et_gb_content_width":"","footnotes":""},"categories":[1],"tags":[],"class_list":["post-9636","post","type-post","status-publish","format-standard","has-post-thumbnail","hentry","category-general"],"yoast_head":"<!-- This site is optimized with the Yoast SEO plugin v18.0 - https:\/\/yoast.com\/wordpress\/plugins\/seo\/ -->\n<title>Abierto el plazo para participar en el programa Auzolandegiak 2025. | Gizalde<\/title>\n<meta name=\"robots\" content=\"index, follow, max-snippet:-1, max-image-preview:large, max-video-preview:-1\" \/>\n<link rel=\"canonical\" href=\"https:\/\/www.gizalde.eus\/es\/abierto-el-plazo-para-participar-en-el-programa-auzolandegiak-2023\/\" \/>\n<meta property=\"og:locale\" content=\"es_ES\" \/>\n<meta property=\"og:type\" content=\"article\" \/>\n<meta property=\"og:title\" content=\"Abierto el plazo para participar en el programa Auzolandegiak 2025. | Gizalde\" \/>\n<meta property=\"og:description\" content=\"Fuente: Gazteaukera Un campo de voluntariado juvenil es una actividad en la que un grupo de j\u00f3venes de diferentes procedencias se compromete de forma voluntaria y desinteresada a desarrollar, durante un per\u00edodo de dos a cuatro semanas, un trabajo de proyecci\u00f3n social, combinado con actividades complementarias. La realizaci\u00f3n del proyecto constituye un medio para fomentar [&hellip;]\" \/>\n<meta property=\"og:url\" content=\"https:\/\/www.gizalde.eus\/es\/abierto-el-plazo-para-participar-en-el-programa-auzolandegiak-2023\/\" \/>\n<meta property=\"og:site_name\" content=\"Gizalde\" \/>\n<meta property=\"article:published_time\" content=\"2025-04-01T11:00:50+00:00\" \/>\n<meta property=\"article:modified_time\" content=\"2025-04-11T11:49:26+00:00\" \/>\n<meta property=\"og:image\" content=\"https:\/\/www.gizalde.eus\/wp-content\/uploads\/2025\/03\/Auzlandegiak2025.jpg\" \/>\n\t<meta property=\"og:image:width\" content=\"1864\" \/>\n\t<meta property=\"og:image:height\" content=\"622\" \/>\n\t<meta property=\"og:image:type\" content=\"image\/jpeg\" \/>\n<meta name=\"twitter:card\" content=\"summary_large_image\" \/>\n<meta name=\"twitter:label1\" content=\"Escrito por\" \/>\n\t<meta name=\"twitter:data1\" content=\"Gizalde\" \/>\n\t<meta name=\"twitter:label2\" content=\"Tiempo de lectura\" \/>\n\t<meta name=\"twitter:data2\" content=\"1 minuto\" \/>\n<script type=\"application\/ld+json\" class=\"yoast-schema-graph\">{\"@context\":\"https:\/\/schema.org\",\"@graph\":[{\"@type\":\"WebSite\",\"@id\":\"https:\/\/www.gizalde.eus\/es\/#website\",\"url\":\"https:\/\/www.gizalde.eus\/es\/\",\"name\":\"Gizalde\",\"description\":\"Voluntariado Gipuzkoa\",\"potentialAction\":[{\"@type\":\"SearchAction\",\"target\":{\"@type\":\"EntryPoint\",\"urlTemplate\":\"https:\/\/www.gizalde.eus\/es\/?s={search_term_string}\"},\"query-input\":\"required name=search_term_string\"}],\"inLanguage\":\"es\"},{\"@type\":\"ImageObject\",\"@id\":\"https:\/\/www.gizalde.eus\/es\/abierto-el-plazo-para-participar-en-el-programa-auzolandegiak-2023\/#primaryimage\",\"inLanguage\":\"es\",\"url\":\"https:\/\/www.gizalde.eus\/wp-content\/uploads\/2025\/03\/Auzlandegiak2025.jpg\",\"contentUrl\":\"https:\/\/www.gizalde.eus\/wp-content\/uploads\/2025\/03\/Auzlandegiak2025.jpg\",\"width\":1864,\"height\":622},{\"@type\":\"WebPage\",\"@id\":\"https:\/\/www.gizalde.eus\/es\/abierto-el-plazo-para-participar-en-el-programa-auzolandegiak-2023\/#webpage\",\"url\":\"https:\/\/www.gizalde.eus\/es\/abierto-el-plazo-para-participar-en-el-programa-auzolandegiak-2023\/\",\"name\":\"Abierto el plazo para participar en el programa Auzolandegiak 2025. | Gizalde\",\"isPartOf\":{\"@id\":\"https:\/\/www.gizalde.eus\/es\/#website\"},\"primaryImageOfPage\":{\"@id\":\"https:\/\/www.gizalde.eus\/es\/abierto-el-plazo-para-participar-en-el-programa-auzolandegiak-2023\/#primaryimage\"},\"datePublished\":\"2025-04-01T11:00:50+00:00\",\"dateModified\":\"2025-04-11T11:49:26+00:00\",\"author\":{\"@id\":\"https:\/\/www.gizalde.eus\/es\/#\/schema\/person\/59449105a637c42df34c36ee93371b2a\"},\"breadcrumb\":{\"@id\":\"https:\/\/www.gizalde.eus\/es\/abierto-el-plazo-para-participar-en-el-programa-auzolandegiak-2023\/#breadcrumb\"},\"inLanguage\":\"es\",\"potentialAction\":[{\"@type\":\"ReadAction\",\"target\":[\"https:\/\/www.gizalde.eus\/es\/abierto-el-plazo-para-participar-en-el-programa-auzolandegiak-2023\/\"]}]},{\"@type\":\"BreadcrumbList\",\"@id\":\"https:\/\/www.gizalde.eus\/es\/abierto-el-plazo-para-participar-en-el-programa-auzolandegiak-2023\/#breadcrumb\",\"itemListElement\":[{\"@type\":\"ListItem\",\"position\":1,\"name\":\"Portada\",\"item\":\"https:\/\/www.gizalde.eus\/es\/\"},{\"@type\":\"ListItem\",\"position\":2,\"name\":\"Abierto el plazo para participar en el programa Auzolandegiak 2025.\"}]},{\"@type\":\"Person\",\"@id\":\"https:\/\/www.gizalde.eus\/es\/#\/schema\/person\/59449105a637c42df34c36ee93371b2a\",\"name\":\"Gizalde\",\"image\":{\"@type\":\"ImageObject\",\"@id\":\"https:\/\/www.gizalde.eus\/es\/#personlogo\",\"inLanguage\":\"es\",\"url\":\"https:\/\/secure.gravatar.com\/avatar\/f8a5e2fe0dc6d3d316f5546f170d13bd5737247911947a52ce26bce707812d83?s=96&d=mm&r=g\",\"contentUrl\":\"https:\/\/secure.gravatar.com\/avatar\/f8a5e2fe0dc6d3d316f5546f170d13bd5737247911947a52ce26bce707812d83?s=96&d=mm&r=g\",\"caption\":\"Gizalde\"}}]}<\/script>\n<!-- \/ Yoast SEO plugin. -->","yoast_head_json":{"title":"Abierto el plazo para participar en el programa Auzolandegiak 2025. | Gizalde","robots":{"index":"index","follow":"follow","max-snippet":"max-snippet:-1","max-image-preview":"max-image-preview:large","max-video-preview":"max-video-preview:-1"},"canonical":"https:\/\/www.gizalde.eus\/es\/abierto-el-plazo-para-participar-en-el-programa-auzolandegiak-2023\/","og_locale":"es_ES","og_type":"article","og_title":"Abierto el plazo para participar en el programa Auzolandegiak 2025. | Gizalde","og_description":"Fuente: Gazteaukera Un campo de voluntariado juvenil es una actividad en la que un grupo de j\u00f3venes de diferentes procedencias se compromete de forma voluntaria y desinteresada a desarrollar, durante un per\u00edodo de dos a cuatro semanas, un trabajo de proyecci\u00f3n social, combinado con actividades complementarias. La realizaci\u00f3n del proyecto constituye un medio para fomentar [&hellip;]","og_url":"https:\/\/www.gizalde.eus\/es\/abierto-el-plazo-para-participar-en-el-programa-auzolandegiak-2023\/","og_site_name":"Gizalde","article_published_time":"2025-04-01T11:00:50+00:00","article_modified_time":"2025-04-11T11:49:26+00:00","og_image":[{"width":1864,"height":622,"url":"https:\/\/www.gizalde.eus\/wp-content\/uploads\/2025\/03\/Auzlandegiak2025.jpg","type":"image\/jpeg"}],"twitter_card":"summary_large_image","twitter_misc":{"Escrito por":"Gizalde","Tiempo de lectura":"1 minuto"},"schema":{"@context":"https:\/\/schema.org","@graph":[{"@type":"WebSite","@id":"https:\/\/www.gizalde.eus\/es\/#website","url":"https:\/\/www.gizalde.eus\/es\/","name":"Gizalde","description":"Voluntariado Gipuzkoa","potentialAction":[{"@type":"SearchAction","target":{"@type":"EntryPoint","urlTemplate":"https:\/\/www.gizalde.eus\/es\/?s={search_term_string}"},"query-input":"required name=search_term_string"}],"inLanguage":"es"},{"@type":"ImageObject","@id":"https:\/\/www.gizalde.eus\/es\/abierto-el-plazo-para-participar-en-el-programa-auzolandegiak-2023\/#primaryimage","inLanguage":"es","url":"https:\/\/www.gizalde.eus\/wp-content\/uploads\/2025\/03\/Auzlandegiak2025.jpg","contentUrl":"https:\/\/www.gizalde.eus\/wp-content\/uploads\/2025\/03\/Auzlandegiak2025.jpg","width":1864,"height":622},{"@type":"WebPage","@id":"https:\/\/www.gizalde.eus\/es\/abierto-el-plazo-para-participar-en-el-programa-auzolandegiak-2023\/#webpage","url":"https:\/\/www.gizalde.eus\/es\/abierto-el-plazo-para-participar-en-el-programa-auzolandegiak-2023\/","name":"Abierto el plazo para participar en el programa Auzolandegiak 2025. | Gizalde","isPartOf":{"@id":"https:\/\/www.gizalde.eus\/es\/#website"},"primaryImageOfPage":{"@id":"https:\/\/www.gizalde.eus\/es\/abierto-el-plazo-para-participar-en-el-programa-auzolandegiak-2023\/#primaryimage"},"datePublished":"2025-04-01T11:00:50+00:00","dateModified":"2025-04-11T11:49:26+00:00","author":{"@id":"https:\/\/www.gizalde.eus\/es\/#\/schema\/person\/59449105a637c42df34c36ee93371b2a"},"breadcrumb":{"@id":"https:\/\/www.gizalde.eus\/es\/abierto-el-plazo-para-participar-en-el-programa-auzolandegiak-2023\/#breadcrumb"},"inLanguage":"es","potentialAction":[{"@type":"ReadAction","target":["https:\/\/www.gizalde.eus\/es\/abierto-el-plazo-para-participar-en-el-programa-auzolandegiak-2023\/"]}]},{"@type":"BreadcrumbList","@id":"https:\/\/www.gizalde.eus\/es\/abierto-el-plazo-para-participar-en-el-programa-auzolandegiak-2023\/#breadcrumb","itemListElement":[{"@type":"ListItem","position":1,"name":"Portada","item":"https:\/\/www.gizalde.eus\/es\/"},{"@type":"ListItem","position":2,"name":"Abierto el plazo para participar en el programa Auzolandegiak 2025."}]},{"@type":"Person","@id":"https:\/\/www.gizalde.eus\/es\/#\/schema\/person\/59449105a637c42df34c36ee93371b2a","name":"Gizalde","image":{"@type":"ImageObject","@id":"https:\/\/www.gizalde.eus\/es\/#personlogo","inLanguage":"es","url":"https:\/\/secure.gravatar.com\/avatar\/f8a5e2fe0dc6d3d316f5546f170d13bd5737247911947a52ce26bce707812d83?s=96&d=mm&r=g","contentUrl":"https:\/\/secure.gravatar.com\/avatar\/f8a5e2fe0dc6d3d316f5546f170d13bd5737247911947a52ce26bce707812d83?s=96&d=mm&r=g","caption":"Gizalde"}}]}},"_links":{"self":[{"href":"https:\/\/www.gizalde.eus\/es\/wp-json\/wp\/v2\/posts\/9636","targetHints":{"allow":["GET"]}}],"collection":[{"href":"https:\/\/www.gizalde.eus\/es\/wp-json\/wp\/v2\/posts"}],"about":[{"href":"https:\/\/www.gizalde.eus\/es\/wp-json\/wp\/v2\/types\/post"}],"author":[{"embeddable":true,"href":"https:\/\/www.gizalde.eus\/es\/wp-json\/wp\/v2\/users\/2"}],"replies":[{"embeddable":true,"href":"https:\/\/www.gizalde.eus\/es\/wp-json\/wp\/v2\/comments?post=9636"}],"version-history":[{"count":3,"href":"https:\/\/www.gizalde.eus\/es\/wp-json\/wp\/v2\/posts\/9636\/revisions"}],"predecessor-version":[{"id":13875,"href":"https:\/\/www.gizalde.eus\/es\/wp-json\/wp\/v2\/posts\/9636\/revisions\/13875"}],"wp:featuredmedia":[{"embeddable":true,"href":"https:\/\/www.gizalde.eus\/es\/wp-json\/wp\/v2\/media\/13872"}],"wp:attachment":[{"href":"https:\/\/www.gizalde.eus\/es\/wp-json\/wp\/v2\/media?parent=9636"}],"wp:term":[{"taxonomy":"category","embeddable":true,"href":"https:\/\/www.gizalde.eus\/es\/wp-json\/wp\/v2\/categories?post=9636"},{"taxonomy":"post_tag","embeddable":true,"href":"https:\/\/www.gizalde.eus\/es\/wp-json\/wp\/v2\/tags?post=9636"}],"curies":[{"name":"wp","href":"https:\/\/api.w.org\/{rel}","templated":true}]}}