{"id":14614,"date":"2025-09-20T09:19:02","date_gmt":"2025-09-20T08:19:02","guid":{"rendered":"https:\/\/www.gizalde.eus\/?p=14614"},"modified":"2025-10-08T10:20:56","modified_gmt":"2025-10-08T09:20:56","slug":"reportajes-sobre-voluntariado-en-la-serie-de-verano-del-diario-berria","status":"publish","type":"post","link":"https:\/\/www.gizalde.eus\/es\/reportajes-sobre-voluntariado-en-la-serie-de-verano-del-diario-berria\/","title":{"rendered":"Reportajes sobre voluntariado en la serie de verano del diario BERRIA."},"content":{"rendered":"<p>El diario BERRIA ha publicado a un reportaje sobre el voluntariado. Ha sido una serie de 6 cap\u00edtulos que encontrar\u00e9is en los siguientes enlaces. En el primer cap\u00edtulo se explica la entrevista a los miembros de Gizalde.<\/p>\n<p>-\u00ab<a href=\"https:\/\/www.berria.eus\/euskal-herria\/boluntarioak-irautea-da-erronka_2145891_102.html\">Boluntarioak: irautea da erronka<\/a>\u00ab.<\/p>\n<p>-\u00ab<a href=\"https:\/\/www.berria.eus\/euskal-herria\/irribarre-bat-oinazea-arintzeko_2143855_102.html\">Irribarre bat oinazea arintzeko<\/a>\u00ab.<\/p>\n<p>-\u00ab<a href=\"https:\/\/www.berria.eus\/euskal-herria\/harrera-herri-eta-igarobide-duin-izateko_2144842_102.html\">Harrera herri eta igarobide duin izateko<\/a>\u00ab.<\/p>\n<p>-\u00ab<a href=\"https:\/\/www.berria.eus\/euskal-herria\/klima-hondamenaren-aurkako-boluntario-itoak_2145844_102.html\">Klima hondamenaren aurkako boluntario itoak<\/a>\u00ab.<\/p>\n<p>-\u00ab<a href=\"https:\/\/www.berria.eus\/euskal-herria\/boluntarioak-eta-adinekoak-elkarren-makulu_2145520_102.html\">Boluntarioak eta adinekoak, elkarren makulu<\/a>\u00ab.<\/p>\n<p>-\u00ab<a href=\"https:\/\/www.berria.eus\/euskal-herria\/eltzekada-bete-elkartasun_2144013_102.html\">Eltzea bete elkartasun<\/a>\u00ab.<\/p>\n","protected":false},"excerpt":{"rendered":"<p>El diario BERRIA ha publicado a un reportaje sobre el voluntariado. Ha sido una serie de 6 cap\u00edtulos que encontrar\u00e9is en los siguientes enlaces. En el primer cap\u00edtulo se explica la entrevista a los miembros de Gizalde. -\u00abBoluntarioak: irautea da erronka\u00ab. -\u00abIrribarre bat oinazea arintzeko\u00ab. -\u00abHarrera herri eta igarobide duin izateko\u00ab. -\u00abKlima hondamenaren aurkako boluntario [&hellip;]<\/p>\n","protected":false},"author":2,"featured_media":14613,"comment_status":"closed","ping_status":"open","sticky":false,"template":"","format":"standard","meta":{"_et_pb_use_builder":"","_et_pb_old_content":"","_et_gb_content_width":"","footnotes":""},"categories":[1],"tags":[],"class_list":["post-14614","post","type-post","status-publish","format-standard","has-post-thumbnail","hentry","category-general"],"yoast_head":"<!-- This site is optimized with the Yoast SEO plugin v18.0 - https:\/\/yoast.com\/wordpress\/plugins\/seo\/ -->\n<title>Reportajes sobre voluntariado en la serie de verano del diario BERRIA. | Gizalde<\/title>\n<meta name=\"robots\" content=\"index, follow, max-snippet:-1, max-image-preview:large, max-video-preview:-1\" \/>\n<link rel=\"canonical\" href=\"https:\/\/www.gizalde.eus\/es\/reportajes-sobre-voluntariado-en-la-serie-de-verano-del-diario-berria\/\" \/>\n<meta property=\"og:locale\" content=\"es_ES\" \/>\n<meta property=\"og:type\" content=\"article\" \/>\n<meta property=\"og:title\" content=\"Reportajes sobre voluntariado en la serie de verano del diario BERRIA. | Gizalde\" \/>\n<meta property=\"og:description\" content=\"El diario BERRIA ha publicado a un reportaje sobre el voluntariado. Ha sido una serie de 6 cap\u00edtulos que encontrar\u00e9is en los siguientes enlaces. En el primer cap\u00edtulo se explica la entrevista a los miembros de Gizalde. -\u00abBoluntarioak: irautea da erronka\u00ab. -\u00abIrribarre bat oinazea arintzeko\u00ab. -\u00abHarrera herri eta igarobide duin izateko\u00ab. -\u00abKlima hondamenaren aurkako boluntario [&hellip;]\" \/>\n<meta property=\"og:url\" content=\"https:\/\/www.gizalde.eus\/es\/reportajes-sobre-voluntariado-en-la-serie-de-verano-del-diario-berria\/\" \/>\n<meta property=\"og:site_name\" content=\"Gizalde\" \/>\n<meta property=\"article:published_time\" content=\"2025-09-20T08:19:02+00:00\" \/>\n<meta property=\"article:modified_time\" content=\"2025-10-08T09:20:56+00:00\" \/>\n<meta property=\"og:image\" content=\"https:\/\/www.gizalde.eus\/wp-content\/uploads\/2025\/09\/Berria-erreportaia.jpg\" \/>\n\t<meta property=\"og:image:width\" content=\"1200\" \/>\n\t<meta property=\"og:image:height\" content=\"675\" \/>\n\t<meta property=\"og:image:type\" content=\"image\/jpeg\" \/>\n<meta name=\"twitter:card\" content=\"summary_large_image\" \/>\n<meta name=\"twitter:label1\" content=\"Escrito por\" \/>\n\t<meta name=\"twitter:data1\" content=\"Gizalde\" \/>\n<script type=\"application\/ld+json\" class=\"yoast-schema-graph\">{\"@context\":\"https:\/\/schema.org\",\"@graph\":[{\"@type\":\"WebSite\",\"@id\":\"https:\/\/www.gizalde.eus\/es\/#website\",\"url\":\"https:\/\/www.gizalde.eus\/es\/\",\"name\":\"Gizalde\",\"description\":\"Voluntariado Gipuzkoa\",\"potentialAction\":[{\"@type\":\"SearchAction\",\"target\":{\"@type\":\"EntryPoint\",\"urlTemplate\":\"https:\/\/www.gizalde.eus\/es\/?s={search_term_string}\"},\"query-input\":\"required name=search_term_string\"}],\"inLanguage\":\"es\"},{\"@type\":\"ImageObject\",\"@id\":\"https:\/\/www.gizalde.eus\/es\/reportajes-sobre-voluntariado-en-la-serie-de-verano-del-diario-berria\/#primaryimage\",\"inLanguage\":\"es\",\"url\":\"https:\/\/www.gizalde.eus\/wp-content\/uploads\/2025\/09\/Berria-erreportaia.jpg\",\"contentUrl\":\"https:\/\/www.gizalde.eus\/wp-content\/uploads\/2025\/09\/Berria-erreportaia.jpg\",\"width\":1200,\"height\":675},{\"@type\":\"WebPage\",\"@id\":\"https:\/\/www.gizalde.eus\/es\/reportajes-sobre-voluntariado-en-la-serie-de-verano-del-diario-berria\/#webpage\",\"url\":\"https:\/\/www.gizalde.eus\/es\/reportajes-sobre-voluntariado-en-la-serie-de-verano-del-diario-berria\/\",\"name\":\"Reportajes sobre voluntariado en la serie de verano del diario BERRIA. | Gizalde\",\"isPartOf\":{\"@id\":\"https:\/\/www.gizalde.eus\/es\/#website\"},\"primaryImageOfPage\":{\"@id\":\"https:\/\/www.gizalde.eus\/es\/reportajes-sobre-voluntariado-en-la-serie-de-verano-del-diario-berria\/#primaryimage\"},\"datePublished\":\"2025-09-20T08:19:02+00:00\",\"dateModified\":\"2025-10-08T09:20:56+00:00\",\"author\":{\"@id\":\"https:\/\/www.gizalde.eus\/es\/#\/schema\/person\/59449105a637c42df34c36ee93371b2a\"},\"breadcrumb\":{\"@id\":\"https:\/\/www.gizalde.eus\/es\/reportajes-sobre-voluntariado-en-la-serie-de-verano-del-diario-berria\/#breadcrumb\"},\"inLanguage\":\"es\",\"potentialAction\":[{\"@type\":\"ReadAction\",\"target\":[\"https:\/\/www.gizalde.eus\/es\/reportajes-sobre-voluntariado-en-la-serie-de-verano-del-diario-berria\/\"]}]},{\"@type\":\"BreadcrumbList\",\"@id\":\"https:\/\/www.gizalde.eus\/es\/reportajes-sobre-voluntariado-en-la-serie-de-verano-del-diario-berria\/#breadcrumb\",\"itemListElement\":[{\"@type\":\"ListItem\",\"position\":1,\"name\":\"Portada\",\"item\":\"https:\/\/www.gizalde.eus\/es\/\"},{\"@type\":\"ListItem\",\"position\":2,\"name\":\"Reportajes sobre voluntariado en la serie de verano del diario BERRIA.\"}]},{\"@type\":\"Person\",\"@id\":\"https:\/\/www.gizalde.eus\/es\/#\/schema\/person\/59449105a637c42df34c36ee93371b2a\",\"name\":\"Gizalde\",\"image\":{\"@type\":\"ImageObject\",\"@id\":\"https:\/\/www.gizalde.eus\/es\/#personlogo\",\"inLanguage\":\"es\",\"url\":\"https:\/\/secure.gravatar.com\/avatar\/f8a5e2fe0dc6d3d316f5546f170d13bd5737247911947a52ce26bce707812d83?s=96&d=mm&r=g\",\"contentUrl\":\"https:\/\/secure.gravatar.com\/avatar\/f8a5e2fe0dc6d3d316f5546f170d13bd5737247911947a52ce26bce707812d83?s=96&d=mm&r=g\",\"caption\":\"Gizalde\"}}]}<\/script>\n<!-- \/ Yoast SEO plugin. -->","yoast_head_json":{"title":"Reportajes sobre voluntariado en la serie de verano del diario BERRIA. | Gizalde","robots":{"index":"index","follow":"follow","max-snippet":"max-snippet:-1","max-image-preview":"max-image-preview:large","max-video-preview":"max-video-preview:-1"},"canonical":"https:\/\/www.gizalde.eus\/es\/reportajes-sobre-voluntariado-en-la-serie-de-verano-del-diario-berria\/","og_locale":"es_ES","og_type":"article","og_title":"Reportajes sobre voluntariado en la serie de verano del diario BERRIA. | Gizalde","og_description":"El diario BERRIA ha publicado a un reportaje sobre el voluntariado. Ha sido una serie de 6 cap\u00edtulos que encontrar\u00e9is en los siguientes enlaces. En el primer cap\u00edtulo se explica la entrevista a los miembros de Gizalde. -\u00abBoluntarioak: irautea da erronka\u00ab. -\u00abIrribarre bat oinazea arintzeko\u00ab. -\u00abHarrera herri eta igarobide duin izateko\u00ab. -\u00abKlima hondamenaren aurkako boluntario [&hellip;]","og_url":"https:\/\/www.gizalde.eus\/es\/reportajes-sobre-voluntariado-en-la-serie-de-verano-del-diario-berria\/","og_site_name":"Gizalde","article_published_time":"2025-09-20T08:19:02+00:00","article_modified_time":"2025-10-08T09:20:56+00:00","og_image":[{"width":1200,"height":675,"url":"https:\/\/www.gizalde.eus\/wp-content\/uploads\/2025\/09\/Berria-erreportaia.jpg","type":"image\/jpeg"}],"twitter_card":"summary_large_image","twitter_misc":{"Escrito por":"Gizalde"},"schema":{"@context":"https:\/\/schema.org","@graph":[{"@type":"WebSite","@id":"https:\/\/www.gizalde.eus\/es\/#website","url":"https:\/\/www.gizalde.eus\/es\/","name":"Gizalde","description":"Voluntariado Gipuzkoa","potentialAction":[{"@type":"SearchAction","target":{"@type":"EntryPoint","urlTemplate":"https:\/\/www.gizalde.eus\/es\/?s={search_term_string}"},"query-input":"required name=search_term_string"}],"inLanguage":"es"},{"@type":"ImageObject","@id":"https:\/\/www.gizalde.eus\/es\/reportajes-sobre-voluntariado-en-la-serie-de-verano-del-diario-berria\/#primaryimage","inLanguage":"es","url":"https:\/\/www.gizalde.eus\/wp-content\/uploads\/2025\/09\/Berria-erreportaia.jpg","contentUrl":"https:\/\/www.gizalde.eus\/wp-content\/uploads\/2025\/09\/Berria-erreportaia.jpg","width":1200,"height":675},{"@type":"WebPage","@id":"https:\/\/www.gizalde.eus\/es\/reportajes-sobre-voluntariado-en-la-serie-de-verano-del-diario-berria\/#webpage","url":"https:\/\/www.gizalde.eus\/es\/reportajes-sobre-voluntariado-en-la-serie-de-verano-del-diario-berria\/","name":"Reportajes sobre voluntariado en la serie de verano del diario BERRIA. | Gizalde","isPartOf":{"@id":"https:\/\/www.gizalde.eus\/es\/#website"},"primaryImageOfPage":{"@id":"https:\/\/www.gizalde.eus\/es\/reportajes-sobre-voluntariado-en-la-serie-de-verano-del-diario-berria\/#primaryimage"},"datePublished":"2025-09-20T08:19:02+00:00","dateModified":"2025-10-08T09:20:56+00:00","author":{"@id":"https:\/\/www.gizalde.eus\/es\/#\/schema\/person\/59449105a637c42df34c36ee93371b2a"},"breadcrumb":{"@id":"https:\/\/www.gizalde.eus\/es\/reportajes-sobre-voluntariado-en-la-serie-de-verano-del-diario-berria\/#breadcrumb"},"inLanguage":"es","potentialAction":[{"@type":"ReadAction","target":["https:\/\/www.gizalde.eus\/es\/reportajes-sobre-voluntariado-en-la-serie-de-verano-del-diario-berria\/"]}]},{"@type":"BreadcrumbList","@id":"https:\/\/www.gizalde.eus\/es\/reportajes-sobre-voluntariado-en-la-serie-de-verano-del-diario-berria\/#breadcrumb","itemListElement":[{"@type":"ListItem","position":1,"name":"Portada","item":"https:\/\/www.gizalde.eus\/es\/"},{"@type":"ListItem","position":2,"name":"Reportajes sobre voluntariado en la serie de verano del diario BERRIA."}]},{"@type":"Person","@id":"https:\/\/www.gizalde.eus\/es\/#\/schema\/person\/59449105a637c42df34c36ee93371b2a","name":"Gizalde","image":{"@type":"ImageObject","@id":"https:\/\/www.gizalde.eus\/es\/#personlogo","inLanguage":"es","url":"https:\/\/secure.gravatar.com\/avatar\/f8a5e2fe0dc6d3d316f5546f170d13bd5737247911947a52ce26bce707812d83?s=96&d=mm&r=g","contentUrl":"https:\/\/secure.gravatar.com\/avatar\/f8a5e2fe0dc6d3d316f5546f170d13bd5737247911947a52ce26bce707812d83?s=96&d=mm&r=g","caption":"Gizalde"}}]}},"_links":{"self":[{"href":"https:\/\/www.gizalde.eus\/es\/wp-json\/wp\/v2\/posts\/14614","targetHints":{"allow":["GET"]}}],"collection":[{"href":"https:\/\/www.gizalde.eus\/es\/wp-json\/wp\/v2\/posts"}],"about":[{"href":"https:\/\/www.gizalde.eus\/es\/wp-json\/wp\/v2\/types\/post"}],"author":[{"embeddable":true,"href":"https:\/\/www.gizalde.eus\/es\/wp-json\/wp\/v2\/users\/2"}],"replies":[{"embeddable":true,"href":"https:\/\/www.gizalde.eus\/es\/wp-json\/wp\/v2\/comments?post=14614"}],"version-history":[{"count":1,"href":"https:\/\/www.gizalde.eus\/es\/wp-json\/wp\/v2\/posts\/14614\/revisions"}],"predecessor-version":[{"id":14615,"href":"https:\/\/www.gizalde.eus\/es\/wp-json\/wp\/v2\/posts\/14614\/revisions\/14615"}],"wp:featuredmedia":[{"embeddable":true,"href":"https:\/\/www.gizalde.eus\/es\/wp-json\/wp\/v2\/media\/14613"}],"wp:attachment":[{"href":"https:\/\/www.gizalde.eus\/es\/wp-json\/wp\/v2\/media?parent=14614"}],"wp:term":[{"taxonomy":"category","embeddable":true,"href":"https:\/\/www.gizalde.eus\/es\/wp-json\/wp\/v2\/categories?post=14614"},{"taxonomy":"post_tag","embeddable":true,"href":"https:\/\/www.gizalde.eus\/es\/wp-json\/wp\/v2\/tags?post=14614"}],"curies":[{"name":"wp","href":"https:\/\/api.w.org\/{rel}","templated":true}]}}