{"id":14266,"date":"2025-05-30T11:39:35","date_gmt":"2025-05-30T10:39:35","guid":{"rendered":"https:\/\/www.gizalde.eus\/?p=14266"},"modified":"2025-05-30T11:40:47","modified_gmt":"2025-05-30T10:40:47","slug":"libro-blanco-del-tercer-sector-social-de-euskadi-2024","status":"publish","type":"post","link":"https:\/\/www.gizalde.eus\/es\/libro-blanco-del-tercer-sector-social-de-euskadi-2024\/","title":{"rendered":"Libro Blanco del Tercer Sector Social de Euskadi 2024."},"content":{"rendered":"<p>Fuente: Observatorio Vasco del Tercer Sector Social.<\/p>\n<p>Este nuevo Libro Blanco supone una importante actualizaci\u00f3n con respecto al diagn\u00f3stico de situaci\u00f3n del sector del anterior Libro Blanco de 2020, elaborado en el marco de la pandemia de la COVID-19. El informe profundiza en las cifras y las caracter\u00edsticas del Tercer Sector Social de Euskadi recogidas en el \u00faltimo Bar\u00f3metro de 2023, e identifica y analiza los nuevos retos que el sector tiene ante s\u00ed.<\/p>\n<p>El Libro Blanco de 2024 supone un nuevo eslab\u00f3n en la serie hist\u00f3rica de diagn\u00f3sticos del Tercer Sector Social de Euskadi que comenz\u00f3 en 2015. En efecto, en 2025 se cumplen diez a\u00f1os de la publicaci\u00f3n del primer Libro Blanco. Se trata de diez a\u00f1os de significativas transformaciones para las organizaciones sociales de la CAE, y tambi\u00e9n una d\u00e9cada de proliferaci\u00f3n de diferentes desaf\u00edos, como la creciente extensi\u00f3n de nuevos retos sociales (envejecimiento demogr\u00e1fico, precarizaci\u00f3n laboral, soledad no deseada, persistencia de la brecha digital, incremento de los problemas de salud mental, etc.), que exigen una adaptaci\u00f3n de nuestro modelo y sistema de cuidados y ponen a prueba la capacidad de respuesta e innovaci\u00f3n de las organizaciones del Tercer Sector Social.<\/p>\n<a href='https:\/\/drive.google.com\/file\/d\/1WvdE3vaJwXIlcvkTdguws4I7lDKvIpaX\/view?usp=sharing' class='big-button bigblue' target=\"_blank\">Libro Blanco del Tercer Sector Social de Euskadi 2024.<\/a>\n","protected":false},"excerpt":{"rendered":"<p>Fuente: Observatorio Vasco del Tercer Sector Social. Este nuevo Libro Blanco supone una importante actualizaci\u00f3n con respecto al diagn\u00f3stico de situaci\u00f3n del sector del anterior Libro Blanco de 2020, elaborado en el marco de la pandemia de la COVID-19. El informe profundiza en las cifras y las caracter\u00edsticas del Tercer Sector Social de Euskadi recogidas [&hellip;]<\/p>\n","protected":false},"author":2,"featured_media":14263,"comment_status":"closed","ping_status":"open","sticky":false,"template":"","format":"standard","meta":{"_et_pb_use_builder":"","_et_pb_old_content":"","_et_gb_content_width":"","footnotes":""},"categories":[1],"tags":[],"class_list":["post-14266","post","type-post","status-publish","format-standard","has-post-thumbnail","hentry","category-general"],"yoast_head":"<!-- This site is optimized with the Yoast SEO plugin v18.0 - https:\/\/yoast.com\/wordpress\/plugins\/seo\/ -->\n<title>Libro Blanco del Tercer Sector Social de Euskadi 2024. | Gizalde<\/title>\n<meta name=\"robots\" content=\"index, follow, max-snippet:-1, max-image-preview:large, max-video-preview:-1\" \/>\n<link rel=\"canonical\" href=\"https:\/\/www.gizalde.eus\/es\/libro-blanco-del-tercer-sector-social-de-euskadi-2024\/\" \/>\n<meta property=\"og:locale\" content=\"es_ES\" \/>\n<meta property=\"og:type\" content=\"article\" \/>\n<meta property=\"og:title\" content=\"Libro Blanco del Tercer Sector Social de Euskadi 2024. | Gizalde\" \/>\n<meta property=\"og:description\" content=\"Fuente: Observatorio Vasco del Tercer Sector Social. Este nuevo Libro Blanco supone una importante actualizaci\u00f3n con respecto al diagn\u00f3stico de situaci\u00f3n del sector del anterior Libro Blanco de 2020, elaborado en el marco de la pandemia de la COVID-19. El informe profundiza en las cifras y las caracter\u00edsticas del Tercer Sector Social de Euskadi recogidas [&hellip;]\" \/>\n<meta property=\"og:url\" content=\"https:\/\/www.gizalde.eus\/es\/libro-blanco-del-tercer-sector-social-de-euskadi-2024\/\" \/>\n<meta property=\"og:site_name\" content=\"Gizalde\" \/>\n<meta property=\"article:published_time\" content=\"2025-05-30T10:39:35+00:00\" \/>\n<meta property=\"article:modified_time\" content=\"2025-05-30T10:40:47+00:00\" \/>\n<meta property=\"og:image\" content=\"https:\/\/www.gizalde.eus\/wp-content\/uploads\/2025\/05\/Libro_blanco_tercer_sector_2024.png\" \/>\n\t<meta property=\"og:image:width\" content=\"1080\" \/>\n\t<meta property=\"og:image:height\" content=\"1080\" \/>\n\t<meta property=\"og:image:type\" content=\"image\/png\" \/>\n<meta name=\"twitter:card\" content=\"summary_large_image\" \/>\n<meta name=\"twitter:label1\" content=\"Escrito por\" \/>\n\t<meta name=\"twitter:data1\" content=\"Gizalde\" \/>\n\t<meta name=\"twitter:label2\" content=\"Tiempo de lectura\" \/>\n\t<meta name=\"twitter:data2\" content=\"1 minuto\" \/>\n<script type=\"application\/ld+json\" class=\"yoast-schema-graph\">{\"@context\":\"https:\/\/schema.org\",\"@graph\":[{\"@type\":\"WebSite\",\"@id\":\"https:\/\/www.gizalde.eus\/es\/#website\",\"url\":\"https:\/\/www.gizalde.eus\/es\/\",\"name\":\"Gizalde\",\"description\":\"Voluntariado Gipuzkoa\",\"potentialAction\":[{\"@type\":\"SearchAction\",\"target\":{\"@type\":\"EntryPoint\",\"urlTemplate\":\"https:\/\/www.gizalde.eus\/es\/?s={search_term_string}\"},\"query-input\":\"required name=search_term_string\"}],\"inLanguage\":\"es\"},{\"@type\":\"ImageObject\",\"@id\":\"https:\/\/www.gizalde.eus\/es\/libro-blanco-del-tercer-sector-social-de-euskadi-2024\/#primaryimage\",\"inLanguage\":\"es\",\"url\":\"https:\/\/www.gizalde.eus\/wp-content\/uploads\/2025\/05\/Libro_blanco_tercer_sector_2024.png\",\"contentUrl\":\"https:\/\/www.gizalde.eus\/wp-content\/uploads\/2025\/05\/Libro_blanco_tercer_sector_2024.png\",\"width\":1080,\"height\":1080},{\"@type\":\"WebPage\",\"@id\":\"https:\/\/www.gizalde.eus\/es\/libro-blanco-del-tercer-sector-social-de-euskadi-2024\/#webpage\",\"url\":\"https:\/\/www.gizalde.eus\/es\/libro-blanco-del-tercer-sector-social-de-euskadi-2024\/\",\"name\":\"Libro Blanco del Tercer Sector Social de Euskadi 2024. | Gizalde\",\"isPartOf\":{\"@id\":\"https:\/\/www.gizalde.eus\/es\/#website\"},\"primaryImageOfPage\":{\"@id\":\"https:\/\/www.gizalde.eus\/es\/libro-blanco-del-tercer-sector-social-de-euskadi-2024\/#primaryimage\"},\"datePublished\":\"2025-05-30T10:39:35+00:00\",\"dateModified\":\"2025-05-30T10:40:47+00:00\",\"author\":{\"@id\":\"https:\/\/www.gizalde.eus\/es\/#\/schema\/person\/59449105a637c42df34c36ee93371b2a\"},\"breadcrumb\":{\"@id\":\"https:\/\/www.gizalde.eus\/es\/libro-blanco-del-tercer-sector-social-de-euskadi-2024\/#breadcrumb\"},\"inLanguage\":\"es\",\"potentialAction\":[{\"@type\":\"ReadAction\",\"target\":[\"https:\/\/www.gizalde.eus\/es\/libro-blanco-del-tercer-sector-social-de-euskadi-2024\/\"]}]},{\"@type\":\"BreadcrumbList\",\"@id\":\"https:\/\/www.gizalde.eus\/es\/libro-blanco-del-tercer-sector-social-de-euskadi-2024\/#breadcrumb\",\"itemListElement\":[{\"@type\":\"ListItem\",\"position\":1,\"name\":\"Portada\",\"item\":\"https:\/\/www.gizalde.eus\/es\/\"},{\"@type\":\"ListItem\",\"position\":2,\"name\":\"Libro Blanco del Tercer Sector Social de Euskadi 2024.\"}]},{\"@type\":\"Person\",\"@id\":\"https:\/\/www.gizalde.eus\/es\/#\/schema\/person\/59449105a637c42df34c36ee93371b2a\",\"name\":\"Gizalde\",\"image\":{\"@type\":\"ImageObject\",\"@id\":\"https:\/\/www.gizalde.eus\/es\/#personlogo\",\"inLanguage\":\"es\",\"url\":\"https:\/\/secure.gravatar.com\/avatar\/f8a5e2fe0dc6d3d316f5546f170d13bd5737247911947a52ce26bce707812d83?s=96&d=mm&r=g\",\"contentUrl\":\"https:\/\/secure.gravatar.com\/avatar\/f8a5e2fe0dc6d3d316f5546f170d13bd5737247911947a52ce26bce707812d83?s=96&d=mm&r=g\",\"caption\":\"Gizalde\"}}]}<\/script>\n<!-- \/ Yoast SEO plugin. -->","yoast_head_json":{"title":"Libro Blanco del Tercer Sector Social de Euskadi 2024. | Gizalde","robots":{"index":"index","follow":"follow","max-snippet":"max-snippet:-1","max-image-preview":"max-image-preview:large","max-video-preview":"max-video-preview:-1"},"canonical":"https:\/\/www.gizalde.eus\/es\/libro-blanco-del-tercer-sector-social-de-euskadi-2024\/","og_locale":"es_ES","og_type":"article","og_title":"Libro Blanco del Tercer Sector Social de Euskadi 2024. | Gizalde","og_description":"Fuente: Observatorio Vasco del Tercer Sector Social. Este nuevo Libro Blanco supone una importante actualizaci\u00f3n con respecto al diagn\u00f3stico de situaci\u00f3n del sector del anterior Libro Blanco de 2020, elaborado en el marco de la pandemia de la COVID-19. El informe profundiza en las cifras y las caracter\u00edsticas del Tercer Sector Social de Euskadi recogidas [&hellip;]","og_url":"https:\/\/www.gizalde.eus\/es\/libro-blanco-del-tercer-sector-social-de-euskadi-2024\/","og_site_name":"Gizalde","article_published_time":"2025-05-30T10:39:35+00:00","article_modified_time":"2025-05-30T10:40:47+00:00","og_image":[{"width":1080,"height":1080,"url":"https:\/\/www.gizalde.eus\/wp-content\/uploads\/2025\/05\/Libro_blanco_tercer_sector_2024.png","type":"image\/png"}],"twitter_card":"summary_large_image","twitter_misc":{"Escrito por":"Gizalde","Tiempo de lectura":"1 minuto"},"schema":{"@context":"https:\/\/schema.org","@graph":[{"@type":"WebSite","@id":"https:\/\/www.gizalde.eus\/es\/#website","url":"https:\/\/www.gizalde.eus\/es\/","name":"Gizalde","description":"Voluntariado Gipuzkoa","potentialAction":[{"@type":"SearchAction","target":{"@type":"EntryPoint","urlTemplate":"https:\/\/www.gizalde.eus\/es\/?s={search_term_string}"},"query-input":"required name=search_term_string"}],"inLanguage":"es"},{"@type":"ImageObject","@id":"https:\/\/www.gizalde.eus\/es\/libro-blanco-del-tercer-sector-social-de-euskadi-2024\/#primaryimage","inLanguage":"es","url":"https:\/\/www.gizalde.eus\/wp-content\/uploads\/2025\/05\/Libro_blanco_tercer_sector_2024.png","contentUrl":"https:\/\/www.gizalde.eus\/wp-content\/uploads\/2025\/05\/Libro_blanco_tercer_sector_2024.png","width":1080,"height":1080},{"@type":"WebPage","@id":"https:\/\/www.gizalde.eus\/es\/libro-blanco-del-tercer-sector-social-de-euskadi-2024\/#webpage","url":"https:\/\/www.gizalde.eus\/es\/libro-blanco-del-tercer-sector-social-de-euskadi-2024\/","name":"Libro Blanco del Tercer Sector Social de Euskadi 2024. | Gizalde","isPartOf":{"@id":"https:\/\/www.gizalde.eus\/es\/#website"},"primaryImageOfPage":{"@id":"https:\/\/www.gizalde.eus\/es\/libro-blanco-del-tercer-sector-social-de-euskadi-2024\/#primaryimage"},"datePublished":"2025-05-30T10:39:35+00:00","dateModified":"2025-05-30T10:40:47+00:00","author":{"@id":"https:\/\/www.gizalde.eus\/es\/#\/schema\/person\/59449105a637c42df34c36ee93371b2a"},"breadcrumb":{"@id":"https:\/\/www.gizalde.eus\/es\/libro-blanco-del-tercer-sector-social-de-euskadi-2024\/#breadcrumb"},"inLanguage":"es","potentialAction":[{"@type":"ReadAction","target":["https:\/\/www.gizalde.eus\/es\/libro-blanco-del-tercer-sector-social-de-euskadi-2024\/"]}]},{"@type":"BreadcrumbList","@id":"https:\/\/www.gizalde.eus\/es\/libro-blanco-del-tercer-sector-social-de-euskadi-2024\/#breadcrumb","itemListElement":[{"@type":"ListItem","position":1,"name":"Portada","item":"https:\/\/www.gizalde.eus\/es\/"},{"@type":"ListItem","position":2,"name":"Libro Blanco del Tercer Sector Social de Euskadi 2024."}]},{"@type":"Person","@id":"https:\/\/www.gizalde.eus\/es\/#\/schema\/person\/59449105a637c42df34c36ee93371b2a","name":"Gizalde","image":{"@type":"ImageObject","@id":"https:\/\/www.gizalde.eus\/es\/#personlogo","inLanguage":"es","url":"https:\/\/secure.gravatar.com\/avatar\/f8a5e2fe0dc6d3d316f5546f170d13bd5737247911947a52ce26bce707812d83?s=96&d=mm&r=g","contentUrl":"https:\/\/secure.gravatar.com\/avatar\/f8a5e2fe0dc6d3d316f5546f170d13bd5737247911947a52ce26bce707812d83?s=96&d=mm&r=g","caption":"Gizalde"}}]}},"_links":{"self":[{"href":"https:\/\/www.gizalde.eus\/es\/wp-json\/wp\/v2\/posts\/14266","targetHints":{"allow":["GET"]}}],"collection":[{"href":"https:\/\/www.gizalde.eus\/es\/wp-json\/wp\/v2\/posts"}],"about":[{"href":"https:\/\/www.gizalde.eus\/es\/wp-json\/wp\/v2\/types\/post"}],"author":[{"embeddable":true,"href":"https:\/\/www.gizalde.eus\/es\/wp-json\/wp\/v2\/users\/2"}],"replies":[{"embeddable":true,"href":"https:\/\/www.gizalde.eus\/es\/wp-json\/wp\/v2\/comments?post=14266"}],"version-history":[{"count":2,"href":"https:\/\/www.gizalde.eus\/es\/wp-json\/wp\/v2\/posts\/14266\/revisions"}],"predecessor-version":[{"id":14268,"href":"https:\/\/www.gizalde.eus\/es\/wp-json\/wp\/v2\/posts\/14266\/revisions\/14268"}],"wp:featuredmedia":[{"embeddable":true,"href":"https:\/\/www.gizalde.eus\/es\/wp-json\/wp\/v2\/media\/14263"}],"wp:attachment":[{"href":"https:\/\/www.gizalde.eus\/es\/wp-json\/wp\/v2\/media?parent=14266"}],"wp:term":[{"taxonomy":"category","embeddable":true,"href":"https:\/\/www.gizalde.eus\/es\/wp-json\/wp\/v2\/categories?post=14266"},{"taxonomy":"post_tag","embeddable":true,"href":"https:\/\/www.gizalde.eus\/es\/wp-json\/wp\/v2\/tags?post=14266"}],"curies":[{"name":"wp","href":"https:\/\/api.w.org\/{rel}","templated":true}]}}