{"id":13662,"date":"2025-02-17T14:17:56","date_gmt":"2025-02-17T13:17:56","guid":{"rendered":"https:\/\/www.gizalde.eus\/?p=13662"},"modified":"2025-02-20T10:15:12","modified_gmt":"2025-02-20T09:15:12","slug":"convocatoria-de-subvenciones-para-el-fomento-de-actividades-del-tercer-sector-en-el-ambito-de-la-intervencion-social-en-el-pais-vasco-2025-gobierno-vasco","status":"publish","type":"post","link":"https:\/\/www.gizalde.eus\/es\/convocatoria-de-subvenciones-para-el-fomento-de-actividades-del-tercer-sector-en-el-ambito-de-la-intervencion-social-en-el-pais-vasco-2025-gobierno-vasco\/","title":{"rendered":"Convocatoria de subvenciones para el fomento de actividades del tercer sector en el \u00e1mbito de la intervenci\u00f3n social en el Pa\u00eds Vasco 2025. (Gobierno Vasco)."},"content":{"rendered":"<p>Fuente (Gobierno Vasco).<\/p>\n<p><strong>Base 1.\u2013 Objeto.<\/strong><\/p>\n<p>1.\u2013 El objeto de la presente Orden es aprobar las bases para el a\u00f1o 2025 y convocar en r\u00e9gimen de concurrencia competitiva las subvenciones destinadas a realizar actividades de intervenci\u00f3n social por entidades de iniciativa social.<\/p>\n<p>Son entidades de iniciativa social aquellas cuya finalidad principal es promover, a trav\u00e9s de actividades de intervenci\u00f3n social, la inclusi\u00f3n social, la cooperaci\u00f3n al desarrollo y el ejercicio efectivo de los derechos de personas, familias, grupos, colectivos o comunidades que afrontan situaciones de vulnerabilidad o exclusi\u00f3n, desigualdad, desprotecci\u00f3n, discapacidad o dependencia.<\/p>\n<p>2.\u2013 Se entienden como actividades de intervenci\u00f3n social, o del \u00e1mbito de la intervenci\u00f3n social, las actividades definidas en el art\u00edculo 4 de la Ley 6\/2016, de 12 de mayo, del Tercer Sector Social de Euskadi.<\/p>\n<p>3.\u2013 Quedan excluidas las actividades que consistan en:<\/p>\n<p>a) Sensibilizar y prevenir la violencia machista contra las mujeres, por existir convocatorias de ayudas espec\u00edficas para ellas. S\u00ed ser\u00e1n financiables las actividades que tengan como objeto principal la intervenci\u00f3n social con v\u00edctimas de la violencia machista contra las mujeres.<\/p>\n<p>b) Mejorar la entidad solicitante a trav\u00e9s de actividades dirigidas exclusiva o mayoritariamente a la propia entidad, tales como la formaci\u00f3n de sus personas trabajadoras o procesos de reflexi\u00f3n sobre la gesti\u00f3n y l\u00edneas estrat\u00e9gicas de las entidades.<\/p>\n<p>4.\u2013 Asimismo, quedan excluidas las que se orienten primordial y mayoritariamente a otros \u00e1mbitos sectoriales como la sanidad, la educaci\u00f3n, el empleo, el deporte, la cultura o la vivienda.<\/p>\n<p><strong>Base 2.\u2013 L\u00edneas subvencionales.<\/strong><\/p>\n<p>1.\u2013 Las l\u00edneas subvencionales enmarcadas dentro de la presente convocatoria ser\u00e1n las siguientes:<\/p>\n<p>L\u00ednea 1. Intervenci\u00f3n social con personas, familias, grupos y comunidades.<\/p>\n<p>L\u00ednea 2. Fortalecimiento de la acci\u00f3n voluntaria y la participaci\u00f3n asociativa en el \u00e1mbito de la intervenci\u00f3n social.<\/p>\n<p>L\u00ednea 3. Gesti\u00f3n del conocimiento para la intervenci\u00f3n social.<\/p>\n<p>2.\u2013 En la primera l\u00ednea se considerar\u00e1n subvencionables actividades de intervenci\u00f3n social con las personas, familias, grupos y comunidades, es decir, orientadas a la promoci\u00f3n y protecci\u00f3n de la autonom\u00eda personal e integraci\u00f3n comunitaria de las personas.<\/p>\n<p>3.\u2013 En la segunda l\u00ednea podr\u00e1n recibir financiaci\u00f3n actividades orientadas al incremento de la acci\u00f3n voluntaria y al desarrollo de la participaci\u00f3n asociativa en el \u00e1mbito de la intervenci\u00f3n social.<\/p>\n<p>4.\u2013 En la tercera l\u00ednea se considerar\u00e1n subvencionables actividades orientadas a la producci\u00f3n, adquisici\u00f3n de conocimiento \u00fatil para la intervenci\u00f3n social tales como programas formativos, proyectos de investigaci\u00f3n, elaboraci\u00f3n y difusi\u00f3n de publicaciones, actividades relacionadas con la documentaci\u00f3n o eventos de car\u00e1cter t\u00e9cnico, como cursos y seminarios. En esta l\u00ednea subvencional, podr\u00e1n financiarse actividades cuyo fin sea divulgar el conocimiento a otros agentes que participan en la intervenci\u00f3n social.<\/p>\n<p>&nbsp;<\/p>\n<a href='https:\/\/www.euskadi.eus\/ayuda_subvencion\/2024\/tercer-sector-2025\/web01-tramite\/es\/' class='big-button bigblue' target=\"_blank\">M\u00e1s informaci\u00f3n en la web del Gobierno Vasco.<\/a>\n<a href='https:\/\/www.euskadi.eus\/web01-bopv\/es\/bopv2\/datos\/2025\/02\/2500749a.shtml' class='big-button bigblue' target=\"_blank\">ORDEN de 10 de febrero de 2025, de la Consejera de Bienestar, Juventud y Reto Demogr\u00e1fico, por la que se aprueban las bases y se convocan para el a\u00f1o 2025 las subvenciones para el fomento de actividades del tercer sector en el \u00e1mbito de la intervenci\u00f3n social en el Pa\u00eds Vasco.<\/a>\n","protected":false},"excerpt":{"rendered":"<p>Fuente (Gobierno Vasco). Base 1.\u2013 Objeto. 1.\u2013 El objeto de la presente Orden es aprobar las bases para el a\u00f1o 2025 y convocar en r\u00e9gimen de concurrencia competitiva las subvenciones destinadas a realizar actividades de intervenci\u00f3n social por entidades de iniciativa social. Son entidades de iniciativa social aquellas cuya finalidad principal es promover, a trav\u00e9s [&hellip;]<\/p>\n","protected":false},"author":2,"featured_media":3567,"comment_status":"closed","ping_status":"open","sticky":false,"template":"","format":"standard","meta":{"_et_pb_use_builder":"","_et_pb_old_content":"","_et_gb_content_width":"","footnotes":""},"categories":[1],"tags":[],"class_list":["post-13662","post","type-post","status-publish","format-standard","has-post-thumbnail","hentry","category-general"],"yoast_head":"<!-- This site is optimized with the Yoast SEO plugin v18.0 - https:\/\/yoast.com\/wordpress\/plugins\/seo\/ -->\n<title>Convocatoria de subvenciones para el fomento de actividades del tercer sector en el \u00e1mbito de la intervenci\u00f3n social en el Pa\u00eds Vasco 2025. (Gobierno Vasco). | Gizalde<\/title>\n<meta name=\"robots\" content=\"index, follow, max-snippet:-1, max-image-preview:large, max-video-preview:-1\" \/>\n<link rel=\"canonical\" href=\"https:\/\/www.gizalde.eus\/es\/convocatoria-de-subvenciones-para-el-fomento-de-actividades-del-tercer-sector-en-el-ambito-de-la-intervencion-social-en-el-pais-vasco-2025-gobierno-vasco\/\" \/>\n<meta property=\"og:locale\" content=\"es_ES\" \/>\n<meta property=\"og:type\" content=\"article\" \/>\n<meta property=\"og:title\" content=\"Convocatoria de subvenciones para el fomento de actividades del tercer sector en el \u00e1mbito de la intervenci\u00f3n social en el Pa\u00eds Vasco 2025. (Gobierno Vasco). | Gizalde\" \/>\n<meta property=\"og:description\" content=\"Fuente (Gobierno Vasco). Base 1.\u2013 Objeto. 1.\u2013 El objeto de la presente Orden es aprobar las bases para el a\u00f1o 2025 y convocar en r\u00e9gimen de concurrencia competitiva las subvenciones destinadas a realizar actividades de intervenci\u00f3n social por entidades de iniciativa social. Son entidades de iniciativa social aquellas cuya finalidad principal es promover, a trav\u00e9s [&hellip;]\" \/>\n<meta property=\"og:url\" content=\"https:\/\/www.gizalde.eus\/es\/convocatoria-de-subvenciones-para-el-fomento-de-actividades-del-tercer-sector-en-el-ambito-de-la-intervencion-social-en-el-pais-vasco-2025-gobierno-vasco\/\" \/>\n<meta property=\"og:site_name\" content=\"Gizalde\" \/>\n<meta property=\"article:published_time\" content=\"2025-02-17T13:17:56+00:00\" \/>\n<meta property=\"article:modified_time\" content=\"2025-02-20T09:15:12+00:00\" \/>\n<meta property=\"og:image\" content=\"https:\/\/www.gizalde.eus\/wp-content\/uploads\/2020\/06\/Atencion-entidades.png\" \/>\n\t<meta property=\"og:image:width\" content=\"500\" \/>\n\t<meta property=\"og:image:height\" content=\"500\" \/>\n\t<meta property=\"og:image:type\" content=\"image\/png\" \/>\n<meta name=\"twitter:card\" content=\"summary_large_image\" \/>\n<meta name=\"twitter:label1\" content=\"Escrito por\" \/>\n\t<meta name=\"twitter:data1\" content=\"Gizalde\" \/>\n\t<meta name=\"twitter:label2\" content=\"Tiempo de lectura\" \/>\n\t<meta name=\"twitter:data2\" content=\"3 minutos\" \/>\n<script type=\"application\/ld+json\" class=\"yoast-schema-graph\">{\"@context\":\"https:\/\/schema.org\",\"@graph\":[{\"@type\":\"WebSite\",\"@id\":\"https:\/\/www.gizalde.eus\/es\/#website\",\"url\":\"https:\/\/www.gizalde.eus\/es\/\",\"name\":\"Gizalde\",\"description\":\"Voluntariado Gipuzkoa\",\"potentialAction\":[{\"@type\":\"SearchAction\",\"target\":{\"@type\":\"EntryPoint\",\"urlTemplate\":\"https:\/\/www.gizalde.eus\/es\/?s={search_term_string}\"},\"query-input\":\"required name=search_term_string\"}],\"inLanguage\":\"es\"},{\"@type\":\"ImageObject\",\"@id\":\"https:\/\/www.gizalde.eus\/es\/convocatoria-de-subvenciones-para-el-fomento-de-actividades-del-tercer-sector-en-el-ambito-de-la-intervencion-social-en-el-pais-vasco-2025-gobierno-vasco\/#primaryimage\",\"inLanguage\":\"es\",\"url\":\"https:\/\/www.gizalde.eus\/wp-content\/uploads\/2020\/06\/Atencion-entidades.png\",\"contentUrl\":\"https:\/\/www.gizalde.eus\/wp-content\/uploads\/2020\/06\/Atencion-entidades.png\",\"width\":500,\"height\":500},{\"@type\":\"WebPage\",\"@id\":\"https:\/\/www.gizalde.eus\/es\/convocatoria-de-subvenciones-para-el-fomento-de-actividades-del-tercer-sector-en-el-ambito-de-la-intervencion-social-en-el-pais-vasco-2025-gobierno-vasco\/#webpage\",\"url\":\"https:\/\/www.gizalde.eus\/es\/convocatoria-de-subvenciones-para-el-fomento-de-actividades-del-tercer-sector-en-el-ambito-de-la-intervencion-social-en-el-pais-vasco-2025-gobierno-vasco\/\",\"name\":\"Convocatoria de subvenciones para el fomento de actividades del tercer sector en el \u00e1mbito de la intervenci\u00f3n social en el Pa\u00eds Vasco 2025. (Gobierno Vasco). | Gizalde\",\"isPartOf\":{\"@id\":\"https:\/\/www.gizalde.eus\/es\/#website\"},\"primaryImageOfPage\":{\"@id\":\"https:\/\/www.gizalde.eus\/es\/convocatoria-de-subvenciones-para-el-fomento-de-actividades-del-tercer-sector-en-el-ambito-de-la-intervencion-social-en-el-pais-vasco-2025-gobierno-vasco\/#primaryimage\"},\"datePublished\":\"2025-02-17T13:17:56+00:00\",\"dateModified\":\"2025-02-20T09:15:12+00:00\",\"author\":{\"@id\":\"https:\/\/www.gizalde.eus\/es\/#\/schema\/person\/59449105a637c42df34c36ee93371b2a\"},\"breadcrumb\":{\"@id\":\"https:\/\/www.gizalde.eus\/es\/convocatoria-de-subvenciones-para-el-fomento-de-actividades-del-tercer-sector-en-el-ambito-de-la-intervencion-social-en-el-pais-vasco-2025-gobierno-vasco\/#breadcrumb\"},\"inLanguage\":\"es\",\"potentialAction\":[{\"@type\":\"ReadAction\",\"target\":[\"https:\/\/www.gizalde.eus\/es\/convocatoria-de-subvenciones-para-el-fomento-de-actividades-del-tercer-sector-en-el-ambito-de-la-intervencion-social-en-el-pais-vasco-2025-gobierno-vasco\/\"]}]},{\"@type\":\"BreadcrumbList\",\"@id\":\"https:\/\/www.gizalde.eus\/es\/convocatoria-de-subvenciones-para-el-fomento-de-actividades-del-tercer-sector-en-el-ambito-de-la-intervencion-social-en-el-pais-vasco-2025-gobierno-vasco\/#breadcrumb\",\"itemListElement\":[{\"@type\":\"ListItem\",\"position\":1,\"name\":\"Portada\",\"item\":\"https:\/\/www.gizalde.eus\/es\/\"},{\"@type\":\"ListItem\",\"position\":2,\"name\":\"Convocatoria de subvenciones para el fomento de actividades del tercer sector en el \u00e1mbito de la intervenci\u00f3n social en el Pa\u00eds Vasco 2025. (Gobierno Vasco).\"}]},{\"@type\":\"Person\",\"@id\":\"https:\/\/www.gizalde.eus\/es\/#\/schema\/person\/59449105a637c42df34c36ee93371b2a\",\"name\":\"Gizalde\",\"image\":{\"@type\":\"ImageObject\",\"@id\":\"https:\/\/www.gizalde.eus\/es\/#personlogo\",\"inLanguage\":\"es\",\"url\":\"https:\/\/secure.gravatar.com\/avatar\/f8a5e2fe0dc6d3d316f5546f170d13bd5737247911947a52ce26bce707812d83?s=96&d=mm&r=g\",\"contentUrl\":\"https:\/\/secure.gravatar.com\/avatar\/f8a5e2fe0dc6d3d316f5546f170d13bd5737247911947a52ce26bce707812d83?s=96&d=mm&r=g\",\"caption\":\"Gizalde\"}}]}<\/script>\n<!-- \/ Yoast SEO plugin. -->","yoast_head_json":{"title":"Convocatoria de subvenciones para el fomento de actividades del tercer sector en el \u00e1mbito de la intervenci\u00f3n social en el Pa\u00eds Vasco 2025. (Gobierno Vasco). | Gizalde","robots":{"index":"index","follow":"follow","max-snippet":"max-snippet:-1","max-image-preview":"max-image-preview:large","max-video-preview":"max-video-preview:-1"},"canonical":"https:\/\/www.gizalde.eus\/es\/convocatoria-de-subvenciones-para-el-fomento-de-actividades-del-tercer-sector-en-el-ambito-de-la-intervencion-social-en-el-pais-vasco-2025-gobierno-vasco\/","og_locale":"es_ES","og_type":"article","og_title":"Convocatoria de subvenciones para el fomento de actividades del tercer sector en el \u00e1mbito de la intervenci\u00f3n social en el Pa\u00eds Vasco 2025. (Gobierno Vasco). | Gizalde","og_description":"Fuente (Gobierno Vasco). Base 1.\u2013 Objeto. 1.\u2013 El objeto de la presente Orden es aprobar las bases para el a\u00f1o 2025 y convocar en r\u00e9gimen de concurrencia competitiva las subvenciones destinadas a realizar actividades de intervenci\u00f3n social por entidades de iniciativa social. Son entidades de iniciativa social aquellas cuya finalidad principal es promover, a trav\u00e9s [&hellip;]","og_url":"https:\/\/www.gizalde.eus\/es\/convocatoria-de-subvenciones-para-el-fomento-de-actividades-del-tercer-sector-en-el-ambito-de-la-intervencion-social-en-el-pais-vasco-2025-gobierno-vasco\/","og_site_name":"Gizalde","article_published_time":"2025-02-17T13:17:56+00:00","article_modified_time":"2025-02-20T09:15:12+00:00","og_image":[{"width":500,"height":500,"url":"https:\/\/www.gizalde.eus\/wp-content\/uploads\/2020\/06\/Atencion-entidades.png","type":"image\/png"}],"twitter_card":"summary_large_image","twitter_misc":{"Escrito por":"Gizalde","Tiempo de lectura":"3 minutos"},"schema":{"@context":"https:\/\/schema.org","@graph":[{"@type":"WebSite","@id":"https:\/\/www.gizalde.eus\/es\/#website","url":"https:\/\/www.gizalde.eus\/es\/","name":"Gizalde","description":"Voluntariado Gipuzkoa","potentialAction":[{"@type":"SearchAction","target":{"@type":"EntryPoint","urlTemplate":"https:\/\/www.gizalde.eus\/es\/?s={search_term_string}"},"query-input":"required name=search_term_string"}],"inLanguage":"es"},{"@type":"ImageObject","@id":"https:\/\/www.gizalde.eus\/es\/convocatoria-de-subvenciones-para-el-fomento-de-actividades-del-tercer-sector-en-el-ambito-de-la-intervencion-social-en-el-pais-vasco-2025-gobierno-vasco\/#primaryimage","inLanguage":"es","url":"https:\/\/www.gizalde.eus\/wp-content\/uploads\/2020\/06\/Atencion-entidades.png","contentUrl":"https:\/\/www.gizalde.eus\/wp-content\/uploads\/2020\/06\/Atencion-entidades.png","width":500,"height":500},{"@type":"WebPage","@id":"https:\/\/www.gizalde.eus\/es\/convocatoria-de-subvenciones-para-el-fomento-de-actividades-del-tercer-sector-en-el-ambito-de-la-intervencion-social-en-el-pais-vasco-2025-gobierno-vasco\/#webpage","url":"https:\/\/www.gizalde.eus\/es\/convocatoria-de-subvenciones-para-el-fomento-de-actividades-del-tercer-sector-en-el-ambito-de-la-intervencion-social-en-el-pais-vasco-2025-gobierno-vasco\/","name":"Convocatoria de subvenciones para el fomento de actividades del tercer sector en el \u00e1mbito de la intervenci\u00f3n social en el Pa\u00eds Vasco 2025. (Gobierno Vasco). | Gizalde","isPartOf":{"@id":"https:\/\/www.gizalde.eus\/es\/#website"},"primaryImageOfPage":{"@id":"https:\/\/www.gizalde.eus\/es\/convocatoria-de-subvenciones-para-el-fomento-de-actividades-del-tercer-sector-en-el-ambito-de-la-intervencion-social-en-el-pais-vasco-2025-gobierno-vasco\/#primaryimage"},"datePublished":"2025-02-17T13:17:56+00:00","dateModified":"2025-02-20T09:15:12+00:00","author":{"@id":"https:\/\/www.gizalde.eus\/es\/#\/schema\/person\/59449105a637c42df34c36ee93371b2a"},"breadcrumb":{"@id":"https:\/\/www.gizalde.eus\/es\/convocatoria-de-subvenciones-para-el-fomento-de-actividades-del-tercer-sector-en-el-ambito-de-la-intervencion-social-en-el-pais-vasco-2025-gobierno-vasco\/#breadcrumb"},"inLanguage":"es","potentialAction":[{"@type":"ReadAction","target":["https:\/\/www.gizalde.eus\/es\/convocatoria-de-subvenciones-para-el-fomento-de-actividades-del-tercer-sector-en-el-ambito-de-la-intervencion-social-en-el-pais-vasco-2025-gobierno-vasco\/"]}]},{"@type":"BreadcrumbList","@id":"https:\/\/www.gizalde.eus\/es\/convocatoria-de-subvenciones-para-el-fomento-de-actividades-del-tercer-sector-en-el-ambito-de-la-intervencion-social-en-el-pais-vasco-2025-gobierno-vasco\/#breadcrumb","itemListElement":[{"@type":"ListItem","position":1,"name":"Portada","item":"https:\/\/www.gizalde.eus\/es\/"},{"@type":"ListItem","position":2,"name":"Convocatoria de subvenciones para el fomento de actividades del tercer sector en el \u00e1mbito de la intervenci\u00f3n social en el Pa\u00eds Vasco 2025. (Gobierno Vasco)."}]},{"@type":"Person","@id":"https:\/\/www.gizalde.eus\/es\/#\/schema\/person\/59449105a637c42df34c36ee93371b2a","name":"Gizalde","image":{"@type":"ImageObject","@id":"https:\/\/www.gizalde.eus\/es\/#personlogo","inLanguage":"es","url":"https:\/\/secure.gravatar.com\/avatar\/f8a5e2fe0dc6d3d316f5546f170d13bd5737247911947a52ce26bce707812d83?s=96&d=mm&r=g","contentUrl":"https:\/\/secure.gravatar.com\/avatar\/f8a5e2fe0dc6d3d316f5546f170d13bd5737247911947a52ce26bce707812d83?s=96&d=mm&r=g","caption":"Gizalde"}}]}},"_links":{"self":[{"href":"https:\/\/www.gizalde.eus\/es\/wp-json\/wp\/v2\/posts\/13662","targetHints":{"allow":["GET"]}}],"collection":[{"href":"https:\/\/www.gizalde.eus\/es\/wp-json\/wp\/v2\/posts"}],"about":[{"href":"https:\/\/www.gizalde.eus\/es\/wp-json\/wp\/v2\/types\/post"}],"author":[{"embeddable":true,"href":"https:\/\/www.gizalde.eus\/es\/wp-json\/wp\/v2\/users\/2"}],"replies":[{"embeddable":true,"href":"https:\/\/www.gizalde.eus\/es\/wp-json\/wp\/v2\/comments?post=13662"}],"version-history":[{"count":3,"href":"https:\/\/www.gizalde.eus\/es\/wp-json\/wp\/v2\/posts\/13662\/revisions"}],"predecessor-version":[{"id":13669,"href":"https:\/\/www.gizalde.eus\/es\/wp-json\/wp\/v2\/posts\/13662\/revisions\/13669"}],"wp:featuredmedia":[{"embeddable":true,"href":"https:\/\/www.gizalde.eus\/es\/wp-json\/wp\/v2\/media\/3567"}],"wp:attachment":[{"href":"https:\/\/www.gizalde.eus\/es\/wp-json\/wp\/v2\/media?parent=13662"}],"wp:term":[{"taxonomy":"category","embeddable":true,"href":"https:\/\/www.gizalde.eus\/es\/wp-json\/wp\/v2\/categories?post=13662"},{"taxonomy":"post_tag","embeddable":true,"href":"https:\/\/www.gizalde.eus\/es\/wp-json\/wp\/v2\/tags?post=13662"}],"curies":[{"name":"wp","href":"https:\/\/api.w.org\/{rel}","templated":true}]}}