{"id":13538,"date":"2025-01-15T14:09:55","date_gmt":"2025-01-15T13:09:55","guid":{"rendered":"https:\/\/www.gizalde.eus\/?p=13538"},"modified":"2025-02-17T14:08:36","modified_gmt":"2025-02-17T13:08:36","slug":"setem-ya-ha-abierto-el-plazo-de-inscripciones-para-los-campos-internacionales-de-solidaridad-en-latinoamerica","status":"publish","type":"post","link":"https:\/\/www.gizalde.eus\/es\/setem-ya-ha-abierto-el-plazo-de-inscripciones-para-los-campos-internacionales-de-solidaridad-en-latinoamerica\/","title":{"rendered":"SETEM ya ha abierto el plazo de inscripciones para los campos internacionales de solidaridad en Latinoam\u00e9rica."},"content":{"rendered":"<p>Fuente: SETEM.<\/p>\n<p>\u00bfTe planteas un 2025 solidario? \u00bfTe gustar\u00eda conocer de primera sobre el terreno c\u00f3mo es la cooperaci\u00f3n para el desarrollo? Si es as\u00ed, presta atenci\u00f3n, porque SETEM ha\u00a0<strong>abierto el plazo de\u00a0<a href=\"https:\/\/forms.gle\/LvGTwnzRpRW5Xrus6\" target=\"_blank\" rel=\"noopener\">inscripci\u00f3n<\/a><\/strong>\u00a0para\u00a0<strong>campos de solidaridad<\/strong>.<\/p>\n<p>Esta iniciativa ofrece estos prop\u00f3sitos de la mano de\u00a0<strong>entidades locales de Guatemala, Colombia, El Salvador o Ecuador<\/strong> con las que SETEM mantiene proyectos de cooperaci\u00f3n internacional.<\/p>\n<a href='https:\/\/mailchi.mp\/eba111046afa\/inscripciones-campos-solidaridad-2025-cooperacion-ecuador?e=ff96cefa5a' class='big-button bigblue' target=\"_blank\">M\u00c1S INFORMACI\u00d3N<\/a>\n","protected":false},"excerpt":{"rendered":"<p>Fuente: SETEM. \u00bfTe planteas un 2025 solidario? \u00bfTe gustar\u00eda conocer de primera sobre el terreno c\u00f3mo es la cooperaci\u00f3n para el desarrollo? Si es as\u00ed, presta atenci\u00f3n, porque SETEM ha\u00a0abierto el plazo de\u00a0inscripci\u00f3n\u00a0para\u00a0campos de solidaridad. Esta iniciativa ofrece estos prop\u00f3sitos de la mano de\u00a0entidades locales de Guatemala, Colombia, El Salvador o Ecuador con las que [&hellip;]<\/p>\n","protected":false},"author":2,"featured_media":13535,"comment_status":"closed","ping_status":"open","sticky":false,"template":"","format":"standard","meta":{"_et_pb_use_builder":"","_et_pb_old_content":"","_et_gb_content_width":"","footnotes":""},"categories":[1],"tags":[],"class_list":["post-13538","post","type-post","status-publish","format-standard","has-post-thumbnail","hentry","category-general"],"yoast_head":"<!-- This site is optimized with the Yoast SEO plugin v18.0 - https:\/\/yoast.com\/wordpress\/plugins\/seo\/ -->\n<title>SETEM ya ha abierto el plazo de inscripciones para los campos internacionales de solidaridad en Latinoam\u00e9rica. | Gizalde<\/title>\n<meta name=\"robots\" content=\"index, follow, max-snippet:-1, max-image-preview:large, max-video-preview:-1\" \/>\n<link rel=\"canonical\" href=\"https:\/\/www.gizalde.eus\/es\/setem-ya-ha-abierto-el-plazo-de-inscripciones-para-los-campos-internacionales-de-solidaridad-en-latinoamerica\/\" \/>\n<meta property=\"og:locale\" content=\"es_ES\" \/>\n<meta property=\"og:type\" content=\"article\" \/>\n<meta property=\"og:title\" content=\"SETEM ya ha abierto el plazo de inscripciones para los campos internacionales de solidaridad en Latinoam\u00e9rica. | Gizalde\" \/>\n<meta property=\"og:description\" content=\"Fuente: SETEM. \u00bfTe planteas un 2025 solidario? \u00bfTe gustar\u00eda conocer de primera sobre el terreno c\u00f3mo es la cooperaci\u00f3n para el desarrollo? Si es as\u00ed, presta atenci\u00f3n, porque SETEM ha\u00a0abierto el plazo de\u00a0inscripci\u00f3n\u00a0para\u00a0campos de solidaridad. Esta iniciativa ofrece estos prop\u00f3sitos de la mano de\u00a0entidades locales de Guatemala, Colombia, El Salvador o Ecuador con las que [&hellip;]\" \/>\n<meta property=\"og:url\" content=\"https:\/\/www.gizalde.eus\/es\/setem-ya-ha-abierto-el-plazo-de-inscripciones-para-los-campos-internacionales-de-solidaridad-en-latinoamerica\/\" \/>\n<meta property=\"og:site_name\" content=\"Gizalde\" \/>\n<meta property=\"article:published_time\" content=\"2025-01-15T13:09:55+00:00\" \/>\n<meta property=\"article:modified_time\" content=\"2025-02-17T13:08:36+00:00\" \/>\n<meta property=\"og:image\" content=\"https:\/\/www.gizalde.eus\/wp-content\/uploads\/2025\/01\/Setem-banner2025.png\" \/>\n\t<meta property=\"og:image:width\" content=\"839\" \/>\n\t<meta property=\"og:image:height\" content=\"550\" \/>\n\t<meta property=\"og:image:type\" content=\"image\/png\" \/>\n<meta name=\"twitter:card\" content=\"summary_large_image\" \/>\n<meta name=\"twitter:label1\" content=\"Escrito por\" \/>\n\t<meta name=\"twitter:data1\" content=\"Gizalde\" \/>\n<script type=\"application\/ld+json\" class=\"yoast-schema-graph\">{\"@context\":\"https:\/\/schema.org\",\"@graph\":[{\"@type\":\"WebSite\",\"@id\":\"https:\/\/www.gizalde.eus\/es\/#website\",\"url\":\"https:\/\/www.gizalde.eus\/es\/\",\"name\":\"Gizalde\",\"description\":\"Voluntariado Gipuzkoa\",\"potentialAction\":[{\"@type\":\"SearchAction\",\"target\":{\"@type\":\"EntryPoint\",\"urlTemplate\":\"https:\/\/www.gizalde.eus\/es\/?s={search_term_string}\"},\"query-input\":\"required name=search_term_string\"}],\"inLanguage\":\"es\"},{\"@type\":\"ImageObject\",\"@id\":\"https:\/\/www.gizalde.eus\/es\/setem-ya-ha-abierto-el-plazo-de-inscripciones-para-los-campos-internacionales-de-solidaridad-en-latinoamerica\/#primaryimage\",\"inLanguage\":\"es\",\"url\":\"https:\/\/www.gizalde.eus\/wp-content\/uploads\/2025\/01\/Setem-banner2025.png\",\"contentUrl\":\"https:\/\/www.gizalde.eus\/wp-content\/uploads\/2025\/01\/Setem-banner2025.png\",\"width\":839,\"height\":550},{\"@type\":\"WebPage\",\"@id\":\"https:\/\/www.gizalde.eus\/es\/setem-ya-ha-abierto-el-plazo-de-inscripciones-para-los-campos-internacionales-de-solidaridad-en-latinoamerica\/#webpage\",\"url\":\"https:\/\/www.gizalde.eus\/es\/setem-ya-ha-abierto-el-plazo-de-inscripciones-para-los-campos-internacionales-de-solidaridad-en-latinoamerica\/\",\"name\":\"SETEM ya ha abierto el plazo de inscripciones para los campos internacionales de solidaridad en Latinoam\u00e9rica. | Gizalde\",\"isPartOf\":{\"@id\":\"https:\/\/www.gizalde.eus\/es\/#website\"},\"primaryImageOfPage\":{\"@id\":\"https:\/\/www.gizalde.eus\/es\/setem-ya-ha-abierto-el-plazo-de-inscripciones-para-los-campos-internacionales-de-solidaridad-en-latinoamerica\/#primaryimage\"},\"datePublished\":\"2025-01-15T13:09:55+00:00\",\"dateModified\":\"2025-02-17T13:08:36+00:00\",\"author\":{\"@id\":\"https:\/\/www.gizalde.eus\/es\/#\/schema\/person\/59449105a637c42df34c36ee93371b2a\"},\"breadcrumb\":{\"@id\":\"https:\/\/www.gizalde.eus\/es\/setem-ya-ha-abierto-el-plazo-de-inscripciones-para-los-campos-internacionales-de-solidaridad-en-latinoamerica\/#breadcrumb\"},\"inLanguage\":\"es\",\"potentialAction\":[{\"@type\":\"ReadAction\",\"target\":[\"https:\/\/www.gizalde.eus\/es\/setem-ya-ha-abierto-el-plazo-de-inscripciones-para-los-campos-internacionales-de-solidaridad-en-latinoamerica\/\"]}]},{\"@type\":\"BreadcrumbList\",\"@id\":\"https:\/\/www.gizalde.eus\/es\/setem-ya-ha-abierto-el-plazo-de-inscripciones-para-los-campos-internacionales-de-solidaridad-en-latinoamerica\/#breadcrumb\",\"itemListElement\":[{\"@type\":\"ListItem\",\"position\":1,\"name\":\"Portada\",\"item\":\"https:\/\/www.gizalde.eus\/es\/\"},{\"@type\":\"ListItem\",\"position\":2,\"name\":\"SETEM ya ha abierto el plazo de inscripciones para los campos internacionales de solidaridad en Latinoam\u00e9rica.\"}]},{\"@type\":\"Person\",\"@id\":\"https:\/\/www.gizalde.eus\/es\/#\/schema\/person\/59449105a637c42df34c36ee93371b2a\",\"name\":\"Gizalde\",\"image\":{\"@type\":\"ImageObject\",\"@id\":\"https:\/\/www.gizalde.eus\/es\/#personlogo\",\"inLanguage\":\"es\",\"url\":\"https:\/\/secure.gravatar.com\/avatar\/f8a5e2fe0dc6d3d316f5546f170d13bd5737247911947a52ce26bce707812d83?s=96&d=mm&r=g\",\"contentUrl\":\"https:\/\/secure.gravatar.com\/avatar\/f8a5e2fe0dc6d3d316f5546f170d13bd5737247911947a52ce26bce707812d83?s=96&d=mm&r=g\",\"caption\":\"Gizalde\"}}]}<\/script>\n<!-- \/ Yoast SEO plugin. -->","yoast_head_json":{"title":"SETEM ya ha abierto el plazo de inscripciones para los campos internacionales de solidaridad en Latinoam\u00e9rica. | Gizalde","robots":{"index":"index","follow":"follow","max-snippet":"max-snippet:-1","max-image-preview":"max-image-preview:large","max-video-preview":"max-video-preview:-1"},"canonical":"https:\/\/www.gizalde.eus\/es\/setem-ya-ha-abierto-el-plazo-de-inscripciones-para-los-campos-internacionales-de-solidaridad-en-latinoamerica\/","og_locale":"es_ES","og_type":"article","og_title":"SETEM ya ha abierto el plazo de inscripciones para los campos internacionales de solidaridad en Latinoam\u00e9rica. | Gizalde","og_description":"Fuente: SETEM. \u00bfTe planteas un 2025 solidario? \u00bfTe gustar\u00eda conocer de primera sobre el terreno c\u00f3mo es la cooperaci\u00f3n para el desarrollo? Si es as\u00ed, presta atenci\u00f3n, porque SETEM ha\u00a0abierto el plazo de\u00a0inscripci\u00f3n\u00a0para\u00a0campos de solidaridad. Esta iniciativa ofrece estos prop\u00f3sitos de la mano de\u00a0entidades locales de Guatemala, Colombia, El Salvador o Ecuador con las que [&hellip;]","og_url":"https:\/\/www.gizalde.eus\/es\/setem-ya-ha-abierto-el-plazo-de-inscripciones-para-los-campos-internacionales-de-solidaridad-en-latinoamerica\/","og_site_name":"Gizalde","article_published_time":"2025-01-15T13:09:55+00:00","article_modified_time":"2025-02-17T13:08:36+00:00","og_image":[{"width":839,"height":550,"url":"https:\/\/www.gizalde.eus\/wp-content\/uploads\/2025\/01\/Setem-banner2025.png","type":"image\/png"}],"twitter_card":"summary_large_image","twitter_misc":{"Escrito por":"Gizalde"},"schema":{"@context":"https:\/\/schema.org","@graph":[{"@type":"WebSite","@id":"https:\/\/www.gizalde.eus\/es\/#website","url":"https:\/\/www.gizalde.eus\/es\/","name":"Gizalde","description":"Voluntariado Gipuzkoa","potentialAction":[{"@type":"SearchAction","target":{"@type":"EntryPoint","urlTemplate":"https:\/\/www.gizalde.eus\/es\/?s={search_term_string}"},"query-input":"required name=search_term_string"}],"inLanguage":"es"},{"@type":"ImageObject","@id":"https:\/\/www.gizalde.eus\/es\/setem-ya-ha-abierto-el-plazo-de-inscripciones-para-los-campos-internacionales-de-solidaridad-en-latinoamerica\/#primaryimage","inLanguage":"es","url":"https:\/\/www.gizalde.eus\/wp-content\/uploads\/2025\/01\/Setem-banner2025.png","contentUrl":"https:\/\/www.gizalde.eus\/wp-content\/uploads\/2025\/01\/Setem-banner2025.png","width":839,"height":550},{"@type":"WebPage","@id":"https:\/\/www.gizalde.eus\/es\/setem-ya-ha-abierto-el-plazo-de-inscripciones-para-los-campos-internacionales-de-solidaridad-en-latinoamerica\/#webpage","url":"https:\/\/www.gizalde.eus\/es\/setem-ya-ha-abierto-el-plazo-de-inscripciones-para-los-campos-internacionales-de-solidaridad-en-latinoamerica\/","name":"SETEM ya ha abierto el plazo de inscripciones para los campos internacionales de solidaridad en Latinoam\u00e9rica. | Gizalde","isPartOf":{"@id":"https:\/\/www.gizalde.eus\/es\/#website"},"primaryImageOfPage":{"@id":"https:\/\/www.gizalde.eus\/es\/setem-ya-ha-abierto-el-plazo-de-inscripciones-para-los-campos-internacionales-de-solidaridad-en-latinoamerica\/#primaryimage"},"datePublished":"2025-01-15T13:09:55+00:00","dateModified":"2025-02-17T13:08:36+00:00","author":{"@id":"https:\/\/www.gizalde.eus\/es\/#\/schema\/person\/59449105a637c42df34c36ee93371b2a"},"breadcrumb":{"@id":"https:\/\/www.gizalde.eus\/es\/setem-ya-ha-abierto-el-plazo-de-inscripciones-para-los-campos-internacionales-de-solidaridad-en-latinoamerica\/#breadcrumb"},"inLanguage":"es","potentialAction":[{"@type":"ReadAction","target":["https:\/\/www.gizalde.eus\/es\/setem-ya-ha-abierto-el-plazo-de-inscripciones-para-los-campos-internacionales-de-solidaridad-en-latinoamerica\/"]}]},{"@type":"BreadcrumbList","@id":"https:\/\/www.gizalde.eus\/es\/setem-ya-ha-abierto-el-plazo-de-inscripciones-para-los-campos-internacionales-de-solidaridad-en-latinoamerica\/#breadcrumb","itemListElement":[{"@type":"ListItem","position":1,"name":"Portada","item":"https:\/\/www.gizalde.eus\/es\/"},{"@type":"ListItem","position":2,"name":"SETEM ya ha abierto el plazo de inscripciones para los campos internacionales de solidaridad en Latinoam\u00e9rica."}]},{"@type":"Person","@id":"https:\/\/www.gizalde.eus\/es\/#\/schema\/person\/59449105a637c42df34c36ee93371b2a","name":"Gizalde","image":{"@type":"ImageObject","@id":"https:\/\/www.gizalde.eus\/es\/#personlogo","inLanguage":"es","url":"https:\/\/secure.gravatar.com\/avatar\/f8a5e2fe0dc6d3d316f5546f170d13bd5737247911947a52ce26bce707812d83?s=96&d=mm&r=g","contentUrl":"https:\/\/secure.gravatar.com\/avatar\/f8a5e2fe0dc6d3d316f5546f170d13bd5737247911947a52ce26bce707812d83?s=96&d=mm&r=g","caption":"Gizalde"}}]}},"_links":{"self":[{"href":"https:\/\/www.gizalde.eus\/es\/wp-json\/wp\/v2\/posts\/13538","targetHints":{"allow":["GET"]}}],"collection":[{"href":"https:\/\/www.gizalde.eus\/es\/wp-json\/wp\/v2\/posts"}],"about":[{"href":"https:\/\/www.gizalde.eus\/es\/wp-json\/wp\/v2\/types\/post"}],"author":[{"embeddable":true,"href":"https:\/\/www.gizalde.eus\/es\/wp-json\/wp\/v2\/users\/2"}],"replies":[{"embeddable":true,"href":"https:\/\/www.gizalde.eus\/es\/wp-json\/wp\/v2\/comments?post=13538"}],"version-history":[{"count":1,"href":"https:\/\/www.gizalde.eus\/es\/wp-json\/wp\/v2\/posts\/13538\/revisions"}],"predecessor-version":[{"id":13539,"href":"https:\/\/www.gizalde.eus\/es\/wp-json\/wp\/v2\/posts\/13538\/revisions\/13539"}],"wp:featuredmedia":[{"embeddable":true,"href":"https:\/\/www.gizalde.eus\/es\/wp-json\/wp\/v2\/media\/13535"}],"wp:attachment":[{"href":"https:\/\/www.gizalde.eus\/es\/wp-json\/wp\/v2\/media?parent=13538"}],"wp:term":[{"taxonomy":"category","embeddable":true,"href":"https:\/\/www.gizalde.eus\/es\/wp-json\/wp\/v2\/categories?post=13538"},{"taxonomy":"post_tag","embeddable":true,"href":"https:\/\/www.gizalde.eus\/es\/wp-json\/wp\/v2\/tags?post=13538"}],"curies":[{"name":"wp","href":"https:\/\/api.w.org\/{rel}","templated":true}]}}