{"id":13470,"date":"2025-01-17T13:32:02","date_gmt":"2025-01-17T12:32:02","guid":{"rendered":"https:\/\/www.gizalde.eus\/?p=13470"},"modified":"2025-02-17T14:08:44","modified_gmt":"2025-02-17T13:08:44","slug":"juventud-vasca-cooperante-2025","status":"publish","type":"post","link":"https:\/\/www.gizalde.eus\/es\/juventud-vasca-cooperante-2025\/","title":{"rendered":"Juventud Vasca Cooperante 2025"},"content":{"rendered":"<p>Fuente: Gazteaukera.<\/p>\n<p><strong>El objetivo del Programa Juventud vasca Cooperante es sensibilizar<\/strong>\u00a0a la gente joven del Pa\u00eds Vasco en acciones de cooperaci\u00f3n\u00a0en pa\u00edses del sur y fomentar en la juventud vasca una\u00a0<strong>cultura de solidaridad<\/strong>\u00a0entre los pueblos y las culturas. Para ello, las personas seleccionadas participan directamente en acciones de cooperaci\u00f3n al desarrollo en pa\u00edses de Am\u00e9rica, Asia y \u00c1frica, lo que les permite conocer \u00abin situ\u00bb el desarrollo de dichas acciones.<\/p>\n<p>El plazo de inscripci\u00f3n finalizar\u00e1 el 17 de febrero.<\/p>\n<a href='https:\/\/www.gazteaukera.euskadi.eus\/jvc-inscripccion\/webgaz00-lankide4\/es\/' class='big-button bigblue' target=\"_blank\">M\u00e1s informaci\u00f3n<\/a>\n","protected":false},"excerpt":{"rendered":"<p>Fuente: Gazteaukera. El objetivo del Programa Juventud vasca Cooperante es sensibilizar\u00a0a la gente joven del Pa\u00eds Vasco en acciones de cooperaci\u00f3n\u00a0en pa\u00edses del sur y fomentar en la juventud vasca una\u00a0cultura de solidaridad\u00a0entre los pueblos y las culturas. Para ello, las personas seleccionadas participan directamente en acciones de cooperaci\u00f3n al desarrollo en pa\u00edses de Am\u00e9rica, [&hellip;]<\/p>\n","protected":false},"author":2,"featured_media":13472,"comment_status":"closed","ping_status":"open","sticky":false,"template":"","format":"standard","meta":{"_et_pb_use_builder":"","_et_pb_old_content":"","_et_gb_content_width":"","footnotes":""},"categories":[1],"tags":[],"class_list":["post-13470","post","type-post","status-publish","format-standard","has-post-thumbnail","hentry","category-general"],"yoast_head":"<!-- This site is optimized with the Yoast SEO plugin v18.0 - https:\/\/yoast.com\/wordpress\/plugins\/seo\/ -->\n<title>Juventud Vasca Cooperante 2025 | Gizalde<\/title>\n<meta name=\"robots\" content=\"index, follow, max-snippet:-1, max-image-preview:large, max-video-preview:-1\" \/>\n<link rel=\"canonical\" href=\"https:\/\/www.gizalde.eus\/es\/juventud-vasca-cooperante-2025\/\" \/>\n<meta property=\"og:locale\" content=\"es_ES\" \/>\n<meta property=\"og:type\" content=\"article\" \/>\n<meta property=\"og:title\" content=\"Juventud Vasca Cooperante 2025 | Gizalde\" \/>\n<meta property=\"og:description\" content=\"Fuente: Gazteaukera. El objetivo del Programa Juventud vasca Cooperante es sensibilizar\u00a0a la gente joven del Pa\u00eds Vasco en acciones de cooperaci\u00f3n\u00a0en pa\u00edses del sur y fomentar en la juventud vasca una\u00a0cultura de solidaridad\u00a0entre los pueblos y las culturas. Para ello, las personas seleccionadas participan directamente en acciones de cooperaci\u00f3n al desarrollo en pa\u00edses de Am\u00e9rica, [&hellip;]\" \/>\n<meta property=\"og:url\" content=\"https:\/\/www.gizalde.eus\/es\/juventud-vasca-cooperante-2025\/\" \/>\n<meta property=\"og:site_name\" content=\"Gizalde\" \/>\n<meta property=\"article:published_time\" content=\"2025-01-17T12:32:02+00:00\" \/>\n<meta property=\"article:modified_time\" content=\"2025-02-17T13:08:44+00:00\" \/>\n<meta property=\"og:image\" content=\"https:\/\/www.gizalde.eus\/wp-content\/uploads\/2024\/12\/JVC2025.jpg\" \/>\n\t<meta property=\"og:image:width\" content=\"877\" \/>\n\t<meta property=\"og:image:height\" content=\"580\" \/>\n\t<meta property=\"og:image:type\" content=\"image\/jpeg\" \/>\n<meta name=\"twitter:card\" content=\"summary_large_image\" \/>\n<meta name=\"twitter:label1\" content=\"Escrito por\" \/>\n\t<meta name=\"twitter:data1\" content=\"Gizalde\" \/>\n\t<meta name=\"twitter:label2\" content=\"Tiempo de lectura\" \/>\n\t<meta name=\"twitter:data2\" content=\"1 minuto\" \/>\n<script type=\"application\/ld+json\" class=\"yoast-schema-graph\">{\"@context\":\"https:\/\/schema.org\",\"@graph\":[{\"@type\":\"WebSite\",\"@id\":\"https:\/\/www.gizalde.eus\/es\/#website\",\"url\":\"https:\/\/www.gizalde.eus\/es\/\",\"name\":\"Gizalde\",\"description\":\"Voluntariado Gipuzkoa\",\"potentialAction\":[{\"@type\":\"SearchAction\",\"target\":{\"@type\":\"EntryPoint\",\"urlTemplate\":\"https:\/\/www.gizalde.eus\/es\/?s={search_term_string}\"},\"query-input\":\"required name=search_term_string\"}],\"inLanguage\":\"es\"},{\"@type\":\"ImageObject\",\"@id\":\"https:\/\/www.gizalde.eus\/es\/juventud-vasca-cooperante-2025\/#primaryimage\",\"inLanguage\":\"es\",\"url\":\"https:\/\/www.gizalde.eus\/wp-content\/uploads\/2024\/12\/JVC2025.jpg\",\"contentUrl\":\"https:\/\/www.gizalde.eus\/wp-content\/uploads\/2024\/12\/JVC2025.jpg\",\"width\":877,\"height\":580},{\"@type\":\"WebPage\",\"@id\":\"https:\/\/www.gizalde.eus\/es\/juventud-vasca-cooperante-2025\/#webpage\",\"url\":\"https:\/\/www.gizalde.eus\/es\/juventud-vasca-cooperante-2025\/\",\"name\":\"Juventud Vasca Cooperante 2025 | Gizalde\",\"isPartOf\":{\"@id\":\"https:\/\/www.gizalde.eus\/es\/#website\"},\"primaryImageOfPage\":{\"@id\":\"https:\/\/www.gizalde.eus\/es\/juventud-vasca-cooperante-2025\/#primaryimage\"},\"datePublished\":\"2025-01-17T12:32:02+00:00\",\"dateModified\":\"2025-02-17T13:08:44+00:00\",\"author\":{\"@id\":\"https:\/\/www.gizalde.eus\/es\/#\/schema\/person\/59449105a637c42df34c36ee93371b2a\"},\"breadcrumb\":{\"@id\":\"https:\/\/www.gizalde.eus\/es\/juventud-vasca-cooperante-2025\/#breadcrumb\"},\"inLanguage\":\"es\",\"potentialAction\":[{\"@type\":\"ReadAction\",\"target\":[\"https:\/\/www.gizalde.eus\/es\/juventud-vasca-cooperante-2025\/\"]}]},{\"@type\":\"BreadcrumbList\",\"@id\":\"https:\/\/www.gizalde.eus\/es\/juventud-vasca-cooperante-2025\/#breadcrumb\",\"itemListElement\":[{\"@type\":\"ListItem\",\"position\":1,\"name\":\"Portada\",\"item\":\"https:\/\/www.gizalde.eus\/es\/\"},{\"@type\":\"ListItem\",\"position\":2,\"name\":\"Juventud Vasca Cooperante 2025\"}]},{\"@type\":\"Person\",\"@id\":\"https:\/\/www.gizalde.eus\/es\/#\/schema\/person\/59449105a637c42df34c36ee93371b2a\",\"name\":\"Gizalde\",\"image\":{\"@type\":\"ImageObject\",\"@id\":\"https:\/\/www.gizalde.eus\/es\/#personlogo\",\"inLanguage\":\"es\",\"url\":\"https:\/\/secure.gravatar.com\/avatar\/f8a5e2fe0dc6d3d316f5546f170d13bd5737247911947a52ce26bce707812d83?s=96&d=mm&r=g\",\"contentUrl\":\"https:\/\/secure.gravatar.com\/avatar\/f8a5e2fe0dc6d3d316f5546f170d13bd5737247911947a52ce26bce707812d83?s=96&d=mm&r=g\",\"caption\":\"Gizalde\"}}]}<\/script>\n<!-- \/ Yoast SEO plugin. -->","yoast_head_json":{"title":"Juventud Vasca Cooperante 2025 | Gizalde","robots":{"index":"index","follow":"follow","max-snippet":"max-snippet:-1","max-image-preview":"max-image-preview:large","max-video-preview":"max-video-preview:-1"},"canonical":"https:\/\/www.gizalde.eus\/es\/juventud-vasca-cooperante-2025\/","og_locale":"es_ES","og_type":"article","og_title":"Juventud Vasca Cooperante 2025 | Gizalde","og_description":"Fuente: Gazteaukera. El objetivo del Programa Juventud vasca Cooperante es sensibilizar\u00a0a la gente joven del Pa\u00eds Vasco en acciones de cooperaci\u00f3n\u00a0en pa\u00edses del sur y fomentar en la juventud vasca una\u00a0cultura de solidaridad\u00a0entre los pueblos y las culturas. Para ello, las personas seleccionadas participan directamente en acciones de cooperaci\u00f3n al desarrollo en pa\u00edses de Am\u00e9rica, [&hellip;]","og_url":"https:\/\/www.gizalde.eus\/es\/juventud-vasca-cooperante-2025\/","og_site_name":"Gizalde","article_published_time":"2025-01-17T12:32:02+00:00","article_modified_time":"2025-02-17T13:08:44+00:00","og_image":[{"width":877,"height":580,"url":"https:\/\/www.gizalde.eus\/wp-content\/uploads\/2024\/12\/JVC2025.jpg","type":"image\/jpeg"}],"twitter_card":"summary_large_image","twitter_misc":{"Escrito por":"Gizalde","Tiempo de lectura":"1 minuto"},"schema":{"@context":"https:\/\/schema.org","@graph":[{"@type":"WebSite","@id":"https:\/\/www.gizalde.eus\/es\/#website","url":"https:\/\/www.gizalde.eus\/es\/","name":"Gizalde","description":"Voluntariado Gipuzkoa","potentialAction":[{"@type":"SearchAction","target":{"@type":"EntryPoint","urlTemplate":"https:\/\/www.gizalde.eus\/es\/?s={search_term_string}"},"query-input":"required name=search_term_string"}],"inLanguage":"es"},{"@type":"ImageObject","@id":"https:\/\/www.gizalde.eus\/es\/juventud-vasca-cooperante-2025\/#primaryimage","inLanguage":"es","url":"https:\/\/www.gizalde.eus\/wp-content\/uploads\/2024\/12\/JVC2025.jpg","contentUrl":"https:\/\/www.gizalde.eus\/wp-content\/uploads\/2024\/12\/JVC2025.jpg","width":877,"height":580},{"@type":"WebPage","@id":"https:\/\/www.gizalde.eus\/es\/juventud-vasca-cooperante-2025\/#webpage","url":"https:\/\/www.gizalde.eus\/es\/juventud-vasca-cooperante-2025\/","name":"Juventud Vasca Cooperante 2025 | Gizalde","isPartOf":{"@id":"https:\/\/www.gizalde.eus\/es\/#website"},"primaryImageOfPage":{"@id":"https:\/\/www.gizalde.eus\/es\/juventud-vasca-cooperante-2025\/#primaryimage"},"datePublished":"2025-01-17T12:32:02+00:00","dateModified":"2025-02-17T13:08:44+00:00","author":{"@id":"https:\/\/www.gizalde.eus\/es\/#\/schema\/person\/59449105a637c42df34c36ee93371b2a"},"breadcrumb":{"@id":"https:\/\/www.gizalde.eus\/es\/juventud-vasca-cooperante-2025\/#breadcrumb"},"inLanguage":"es","potentialAction":[{"@type":"ReadAction","target":["https:\/\/www.gizalde.eus\/es\/juventud-vasca-cooperante-2025\/"]}]},{"@type":"BreadcrumbList","@id":"https:\/\/www.gizalde.eus\/es\/juventud-vasca-cooperante-2025\/#breadcrumb","itemListElement":[{"@type":"ListItem","position":1,"name":"Portada","item":"https:\/\/www.gizalde.eus\/es\/"},{"@type":"ListItem","position":2,"name":"Juventud Vasca Cooperante 2025"}]},{"@type":"Person","@id":"https:\/\/www.gizalde.eus\/es\/#\/schema\/person\/59449105a637c42df34c36ee93371b2a","name":"Gizalde","image":{"@type":"ImageObject","@id":"https:\/\/www.gizalde.eus\/es\/#personlogo","inLanguage":"es","url":"https:\/\/secure.gravatar.com\/avatar\/f8a5e2fe0dc6d3d316f5546f170d13bd5737247911947a52ce26bce707812d83?s=96&d=mm&r=g","contentUrl":"https:\/\/secure.gravatar.com\/avatar\/f8a5e2fe0dc6d3d316f5546f170d13bd5737247911947a52ce26bce707812d83?s=96&d=mm&r=g","caption":"Gizalde"}}]}},"_links":{"self":[{"href":"https:\/\/www.gizalde.eus\/es\/wp-json\/wp\/v2\/posts\/13470","targetHints":{"allow":["GET"]}}],"collection":[{"href":"https:\/\/www.gizalde.eus\/es\/wp-json\/wp\/v2\/posts"}],"about":[{"href":"https:\/\/www.gizalde.eus\/es\/wp-json\/wp\/v2\/types\/post"}],"author":[{"embeddable":true,"href":"https:\/\/www.gizalde.eus\/es\/wp-json\/wp\/v2\/users\/2"}],"replies":[{"embeddable":true,"href":"https:\/\/www.gizalde.eus\/es\/wp-json\/wp\/v2\/comments?post=13470"}],"version-history":[{"count":1,"href":"https:\/\/www.gizalde.eus\/es\/wp-json\/wp\/v2\/posts\/13470\/revisions"}],"predecessor-version":[{"id":13471,"href":"https:\/\/www.gizalde.eus\/es\/wp-json\/wp\/v2\/posts\/13470\/revisions\/13471"}],"wp:featuredmedia":[{"embeddable":true,"href":"https:\/\/www.gizalde.eus\/es\/wp-json\/wp\/v2\/media\/13472"}],"wp:attachment":[{"href":"https:\/\/www.gizalde.eus\/es\/wp-json\/wp\/v2\/media?parent=13470"}],"wp:term":[{"taxonomy":"category","embeddable":true,"href":"https:\/\/www.gizalde.eus\/es\/wp-json\/wp\/v2\/categories?post=13470"},{"taxonomy":"post_tag","embeddable":true,"href":"https:\/\/www.gizalde.eus\/es\/wp-json\/wp\/v2\/tags?post=13470"}],"curies":[{"name":"wp","href":"https:\/\/api.w.org\/{rel}","templated":true}]}}