{"id":13233,"date":"2024-11-13T10:00:34","date_gmt":"2024-11-13T09:00:34","guid":{"rendered":"https:\/\/www.gizalde.eus\/?p=13233"},"modified":"2024-12-16T12:37:56","modified_gmt":"2024-12-16T11:37:56","slug":"solidaridad-dana","status":"publish","type":"post","link":"https:\/\/www.gizalde.eus\/es\/solidaridad-dana\/","title":{"rendered":"Iniciativas de solidaridad con las personas damnificadas por las inundaciones de Valencia."},"content":{"rendered":"<p>Ante la crisis que vive Valencia surge una respuesta espont\u00e1nea de solidaridad. Y para que toda esa solidaridad sea efectiva es necesario canalizarla y organizarla teniendo en cuenta las necesidades reales en cada momento. Para ello se recomienda utilizar el portal oficial <a href=\"https:\/\/somsolidaritat.gva.es\/es\/\" target=\"_blank\" rel=\"noopener\">SOM SOLIDARITAT<\/a> que la Generalitat Valenciana tiene habilitado a disposici\u00f3n de la ciudadan\u00eda, asociaciones y empresas que quieran colaborar, con el objetivo de canalizar las ayudas y donaciones a las personas afectadas por DANA.\u00a0La necesidad fundamental sigue siendo enviar dinero a trav\u00e9s de las cuentas facilitadas por estas organizaciones. M\u00e1s adelante ser\u00e1n precisos otros apoyos porque el impacto de esta cat\u00e1strofe va a ser prolongado.<\/p>\n<p>Puedes encontrar informaci\u00f3n detallada en el d\u00edptico informativo elaborado por el Gobierno Vasco en colaboraci\u00f3n con diversas entidades e instituciones: \u00ab<a href=\"https:\/\/bideoak2.euskadi.eus\/2024\/12\/09\/news_97940\/DANA_es_paginas.pdf\" target=\"_blank\" rel=\"noopener\">Estem amb vosaltres SOLIDARIDAD CON VALENCIA<\/a>\u00ab.<\/p>\n<p>&nbsp;<\/p>\n<p><em><strong>M\u00e1s informaci\u00f3n:<\/strong><\/em><\/p>\n<p><a href=\"https:\/\/drive.google.com\/file\/d\/1gSfiwwQnnp8Es0wDMh5iI-AI49SdhOw6\/view?usp=drive_link\" target=\"_blank\" rel=\"noopener\">-\u00abRecomendaciones para la coordinaci\u00f3n y participaci\u00f3n ciudadana: emergencia DANA\u00bb (Fuente: Plataforma de Voluntariado de Espa\u00f1a).<\/a><\/p>\n<p>&#8211;<a href=\"https:\/\/www.bizkaiagara.eus\/es\/altavoz\/noticias\/activacion-y-colaboracion-ciudadana-emergencia-dana-valencia\/\" target=\"_blank\" rel=\"noopener\">\u00abActivaci\u00f3n y colaboraci\u00f3n ciudadana &#8211; emergencia DANA Valencia\u00bb (Fuente: BizkaiaGara).<\/a><\/p>\n<p><a href=\"https:\/\/batekin.org\/noticias\/activacion-y-colaboracion-ciudadana-emergencia-dana-valencia\/\" target=\"_blank\" rel=\"noopener\">-\u00abActivaci\u00f3n y colaboraci\u00f3n ciudadana \u2013 emergencia DANA Valencia\u00bb (Fuente: Batekin).<\/a><\/p>\n<p><a href=\"https:\/\/www.euskadi.eus\/gobierno-vasco\/-\/noticia\/2024\/las-instituciones-vascas-reiteran-necesidad-mandar-ayuda-valencia-manera-organizada-y-respondiendo-necesidades-reales\/\" target=\"_blank\" rel=\"noopener\">-\u00abLas instituciones vascas reiteran la necesidad de mandar la ayuda a Valencia de manera organizada y respondiendo a las necesidades reales\u00bb (Fuente: Instituciones vascas).<\/a><\/p>\n<p>&#8211;<a href=\"https:\/\/platavoluntariado.org\/actualidad\/llamamiento-a-una-colaboracion-responsable-y-coordinada\" target=\"_blank\" rel=\"noopener\">\u00abLlamamiento a una colaboraci\u00f3n responsable y coordinada\u00bb (Fuente: Plataforma de Voluntariado de la Comunidad Valenciana)<\/a>.<\/p>\n<p><a href=\"https:\/\/www.cvongd.org\/es\/noticias\/actualidad-de-la-coordinadora\/respuesta-de-las-organizaciones-valencianas-ante-la-dana\/\" target=\"_blank\" rel=\"noopener\">-\u00abRespuesta de las organizaciones valencianas ante la DANA\u00bb (Fuente: Coordinadora Valenciana de ONGD).<\/a><\/p>\n<p>&nbsp;<\/p>\n<p>&nbsp;<\/p>\n<p>&nbsp;<\/p>\n<p>&nbsp;<\/p>\n","protected":false},"excerpt":{"rendered":"<p>Ante la crisis que vive Valencia surge una respuesta espont\u00e1nea de solidaridad. Y para que toda esa solidaridad sea efectiva es necesario canalizarla y organizarla teniendo en cuenta las necesidades reales en cada momento. Para ello se recomienda utilizar el portal oficial SOM SOLIDARITAT que la Generalitat Valenciana tiene habilitado a disposici\u00f3n de la ciudadan\u00eda, [&hellip;]<\/p>\n","protected":false},"author":2,"featured_media":13438,"comment_status":"closed","ping_status":"open","sticky":false,"template":"","format":"standard","meta":{"_et_pb_use_builder":"","_et_pb_old_content":"","_et_gb_content_width":"","footnotes":""},"categories":[1],"tags":[],"class_list":["post-13233","post","type-post","status-publish","format-standard","has-post-thumbnail","hentry","category-general"],"yoast_head":"<!-- This site is optimized with the Yoast SEO plugin v18.0 - https:\/\/yoast.com\/wordpress\/plugins\/seo\/ -->\n<title>Iniciativas de solidaridad con las personas damnificadas por las inundaciones de Valencia. | Gizalde<\/title>\n<meta name=\"robots\" content=\"index, follow, max-snippet:-1, max-image-preview:large, max-video-preview:-1\" \/>\n<link rel=\"canonical\" href=\"https:\/\/www.gizalde.eus\/es\/solidaridad-dana\/\" \/>\n<meta property=\"og:locale\" content=\"es_ES\" \/>\n<meta property=\"og:type\" content=\"article\" \/>\n<meta property=\"og:title\" content=\"Iniciativas de solidaridad con las personas damnificadas por las inundaciones de Valencia. | Gizalde\" \/>\n<meta property=\"og:description\" content=\"Ante la crisis que vive Valencia surge una respuesta espont\u00e1nea de solidaridad. Y para que toda esa solidaridad sea efectiva es necesario canalizarla y organizarla teniendo en cuenta las necesidades reales en cada momento. Para ello se recomienda utilizar el portal oficial SOM SOLIDARITAT que la Generalitat Valenciana tiene habilitado a disposici\u00f3n de la ciudadan\u00eda, [&hellip;]\" \/>\n<meta property=\"og:url\" content=\"https:\/\/www.gizalde.eus\/es\/solidaridad-dana\/\" \/>\n<meta property=\"og:site_name\" content=\"Gizalde\" \/>\n<meta property=\"article:published_time\" content=\"2024-11-13T09:00:34+00:00\" \/>\n<meta property=\"article:modified_time\" content=\"2024-12-16T11:37:56+00:00\" \/>\n<meta property=\"og:image\" content=\"https:\/\/www.gizalde.eus\/wp-content\/uploads\/2024\/12\/Solidaridad_valencia.jpg\" \/>\n\t<meta property=\"og:image:width\" content=\"422\" \/>\n\t<meta property=\"og:image:height\" content=\"295\" \/>\n\t<meta property=\"og:image:type\" content=\"image\/jpeg\" \/>\n<meta name=\"twitter:card\" content=\"summary_large_image\" \/>\n<meta name=\"twitter:label1\" content=\"Escrito por\" \/>\n\t<meta name=\"twitter:data1\" content=\"Gizalde\" \/>\n\t<meta name=\"twitter:label2\" content=\"Tiempo de lectura\" \/>\n\t<meta name=\"twitter:data2\" content=\"1 minuto\" \/>\n<script type=\"application\/ld+json\" class=\"yoast-schema-graph\">{\"@context\":\"https:\/\/schema.org\",\"@graph\":[{\"@type\":\"WebSite\",\"@id\":\"https:\/\/www.gizalde.eus\/es\/#website\",\"url\":\"https:\/\/www.gizalde.eus\/es\/\",\"name\":\"Gizalde\",\"description\":\"Voluntariado Gipuzkoa\",\"potentialAction\":[{\"@type\":\"SearchAction\",\"target\":{\"@type\":\"EntryPoint\",\"urlTemplate\":\"https:\/\/www.gizalde.eus\/es\/?s={search_term_string}\"},\"query-input\":\"required name=search_term_string\"}],\"inLanguage\":\"es\"},{\"@type\":\"ImageObject\",\"@id\":\"https:\/\/www.gizalde.eus\/es\/solidaridad-dana\/#primaryimage\",\"inLanguage\":\"es\",\"url\":\"https:\/\/www.gizalde.eus\/wp-content\/uploads\/2024\/12\/Solidaridad_valencia.jpg\",\"contentUrl\":\"https:\/\/www.gizalde.eus\/wp-content\/uploads\/2024\/12\/Solidaridad_valencia.jpg\",\"width\":422,\"height\":295},{\"@type\":\"WebPage\",\"@id\":\"https:\/\/www.gizalde.eus\/es\/solidaridad-dana\/#webpage\",\"url\":\"https:\/\/www.gizalde.eus\/es\/solidaridad-dana\/\",\"name\":\"Iniciativas de solidaridad con las personas damnificadas por las inundaciones de Valencia. | Gizalde\",\"isPartOf\":{\"@id\":\"https:\/\/www.gizalde.eus\/es\/#website\"},\"primaryImageOfPage\":{\"@id\":\"https:\/\/www.gizalde.eus\/es\/solidaridad-dana\/#primaryimage\"},\"datePublished\":\"2024-11-13T09:00:34+00:00\",\"dateModified\":\"2024-12-16T11:37:56+00:00\",\"author\":{\"@id\":\"https:\/\/www.gizalde.eus\/es\/#\/schema\/person\/59449105a637c42df34c36ee93371b2a\"},\"breadcrumb\":{\"@id\":\"https:\/\/www.gizalde.eus\/es\/solidaridad-dana\/#breadcrumb\"},\"inLanguage\":\"es\",\"potentialAction\":[{\"@type\":\"ReadAction\",\"target\":[\"https:\/\/www.gizalde.eus\/es\/solidaridad-dana\/\"]}]},{\"@type\":\"BreadcrumbList\",\"@id\":\"https:\/\/www.gizalde.eus\/es\/solidaridad-dana\/#breadcrumb\",\"itemListElement\":[{\"@type\":\"ListItem\",\"position\":1,\"name\":\"Portada\",\"item\":\"https:\/\/www.gizalde.eus\/es\/\"},{\"@type\":\"ListItem\",\"position\":2,\"name\":\"Iniciativas de solidaridad con las personas damnificadas por las inundaciones de Valencia.\"}]},{\"@type\":\"Person\",\"@id\":\"https:\/\/www.gizalde.eus\/es\/#\/schema\/person\/59449105a637c42df34c36ee93371b2a\",\"name\":\"Gizalde\",\"image\":{\"@type\":\"ImageObject\",\"@id\":\"https:\/\/www.gizalde.eus\/es\/#personlogo\",\"inLanguage\":\"es\",\"url\":\"https:\/\/secure.gravatar.com\/avatar\/f8a5e2fe0dc6d3d316f5546f170d13bd5737247911947a52ce26bce707812d83?s=96&d=mm&r=g\",\"contentUrl\":\"https:\/\/secure.gravatar.com\/avatar\/f8a5e2fe0dc6d3d316f5546f170d13bd5737247911947a52ce26bce707812d83?s=96&d=mm&r=g\",\"caption\":\"Gizalde\"}}]}<\/script>\n<!-- \/ Yoast SEO plugin. -->","yoast_head_json":{"title":"Iniciativas de solidaridad con las personas damnificadas por las inundaciones de Valencia. | Gizalde","robots":{"index":"index","follow":"follow","max-snippet":"max-snippet:-1","max-image-preview":"max-image-preview:large","max-video-preview":"max-video-preview:-1"},"canonical":"https:\/\/www.gizalde.eus\/es\/solidaridad-dana\/","og_locale":"es_ES","og_type":"article","og_title":"Iniciativas de solidaridad con las personas damnificadas por las inundaciones de Valencia. | Gizalde","og_description":"Ante la crisis que vive Valencia surge una respuesta espont\u00e1nea de solidaridad. Y para que toda esa solidaridad sea efectiva es necesario canalizarla y organizarla teniendo en cuenta las necesidades reales en cada momento. Para ello se recomienda utilizar el portal oficial SOM SOLIDARITAT que la Generalitat Valenciana tiene habilitado a disposici\u00f3n de la ciudadan\u00eda, [&hellip;]","og_url":"https:\/\/www.gizalde.eus\/es\/solidaridad-dana\/","og_site_name":"Gizalde","article_published_time":"2024-11-13T09:00:34+00:00","article_modified_time":"2024-12-16T11:37:56+00:00","og_image":[{"width":422,"height":295,"url":"https:\/\/www.gizalde.eus\/wp-content\/uploads\/2024\/12\/Solidaridad_valencia.jpg","type":"image\/jpeg"}],"twitter_card":"summary_large_image","twitter_misc":{"Escrito por":"Gizalde","Tiempo de lectura":"1 minuto"},"schema":{"@context":"https:\/\/schema.org","@graph":[{"@type":"WebSite","@id":"https:\/\/www.gizalde.eus\/es\/#website","url":"https:\/\/www.gizalde.eus\/es\/","name":"Gizalde","description":"Voluntariado Gipuzkoa","potentialAction":[{"@type":"SearchAction","target":{"@type":"EntryPoint","urlTemplate":"https:\/\/www.gizalde.eus\/es\/?s={search_term_string}"},"query-input":"required name=search_term_string"}],"inLanguage":"es"},{"@type":"ImageObject","@id":"https:\/\/www.gizalde.eus\/es\/solidaridad-dana\/#primaryimage","inLanguage":"es","url":"https:\/\/www.gizalde.eus\/wp-content\/uploads\/2024\/12\/Solidaridad_valencia.jpg","contentUrl":"https:\/\/www.gizalde.eus\/wp-content\/uploads\/2024\/12\/Solidaridad_valencia.jpg","width":422,"height":295},{"@type":"WebPage","@id":"https:\/\/www.gizalde.eus\/es\/solidaridad-dana\/#webpage","url":"https:\/\/www.gizalde.eus\/es\/solidaridad-dana\/","name":"Iniciativas de solidaridad con las personas damnificadas por las inundaciones de Valencia. | Gizalde","isPartOf":{"@id":"https:\/\/www.gizalde.eus\/es\/#website"},"primaryImageOfPage":{"@id":"https:\/\/www.gizalde.eus\/es\/solidaridad-dana\/#primaryimage"},"datePublished":"2024-11-13T09:00:34+00:00","dateModified":"2024-12-16T11:37:56+00:00","author":{"@id":"https:\/\/www.gizalde.eus\/es\/#\/schema\/person\/59449105a637c42df34c36ee93371b2a"},"breadcrumb":{"@id":"https:\/\/www.gizalde.eus\/es\/solidaridad-dana\/#breadcrumb"},"inLanguage":"es","potentialAction":[{"@type":"ReadAction","target":["https:\/\/www.gizalde.eus\/es\/solidaridad-dana\/"]}]},{"@type":"BreadcrumbList","@id":"https:\/\/www.gizalde.eus\/es\/solidaridad-dana\/#breadcrumb","itemListElement":[{"@type":"ListItem","position":1,"name":"Portada","item":"https:\/\/www.gizalde.eus\/es\/"},{"@type":"ListItem","position":2,"name":"Iniciativas de solidaridad con las personas damnificadas por las inundaciones de Valencia."}]},{"@type":"Person","@id":"https:\/\/www.gizalde.eus\/es\/#\/schema\/person\/59449105a637c42df34c36ee93371b2a","name":"Gizalde","image":{"@type":"ImageObject","@id":"https:\/\/www.gizalde.eus\/es\/#personlogo","inLanguage":"es","url":"https:\/\/secure.gravatar.com\/avatar\/f8a5e2fe0dc6d3d316f5546f170d13bd5737247911947a52ce26bce707812d83?s=96&d=mm&r=g","contentUrl":"https:\/\/secure.gravatar.com\/avatar\/f8a5e2fe0dc6d3d316f5546f170d13bd5737247911947a52ce26bce707812d83?s=96&d=mm&r=g","caption":"Gizalde"}}]}},"_links":{"self":[{"href":"https:\/\/www.gizalde.eus\/es\/wp-json\/wp\/v2\/posts\/13233","targetHints":{"allow":["GET"]}}],"collection":[{"href":"https:\/\/www.gizalde.eus\/es\/wp-json\/wp\/v2\/posts"}],"about":[{"href":"https:\/\/www.gizalde.eus\/es\/wp-json\/wp\/v2\/types\/post"}],"author":[{"embeddable":true,"href":"https:\/\/www.gizalde.eus\/es\/wp-json\/wp\/v2\/users\/2"}],"replies":[{"embeddable":true,"href":"https:\/\/www.gizalde.eus\/es\/wp-json\/wp\/v2\/comments?post=13233"}],"version-history":[{"count":17,"href":"https:\/\/www.gizalde.eus\/es\/wp-json\/wp\/v2\/posts\/13233\/revisions"}],"predecessor-version":[{"id":13440,"href":"https:\/\/www.gizalde.eus\/es\/wp-json\/wp\/v2\/posts\/13233\/revisions\/13440"}],"wp:featuredmedia":[{"embeddable":true,"href":"https:\/\/www.gizalde.eus\/es\/wp-json\/wp\/v2\/media\/13438"}],"wp:attachment":[{"href":"https:\/\/www.gizalde.eus\/es\/wp-json\/wp\/v2\/media?parent=13233"}],"wp:term":[{"taxonomy":"category","embeddable":true,"href":"https:\/\/www.gizalde.eus\/es\/wp-json\/wp\/v2\/categories?post=13233"},{"taxonomy":"post_tag","embeddable":true,"href":"https:\/\/www.gizalde.eus\/es\/wp-json\/wp\/v2\/tags?post=13233"}],"curies":[{"name":"wp","href":"https:\/\/api.w.org\/{rel}","templated":true}]}}