{"id":12314,"date":"2024-06-25T12:37:47","date_gmt":"2024-06-25T11:37:47","guid":{"rendered":"https:\/\/www.gizalde.eus\/?p=12314"},"modified":"2024-06-25T12:39:58","modified_gmt":"2024-06-25T11:39:58","slug":"becas-de-especializacion-en-cooperacion-para-el-desarrollo-agencia-vasca-de-cooperacion-y-solidaridad","status":"publish","type":"post","link":"https:\/\/www.gizalde.eus\/es\/becas-de-especializacion-en-cooperacion-para-el-desarrollo-agencia-vasca-de-cooperacion-y-solidaridad\/","title":{"rendered":"Becas de especializaci\u00f3n en cooperaci\u00f3n para el desarrollo (Agencia Vasca de Cooperaci\u00f3n y Solidaridad)."},"content":{"rendered":"<h6>Fuente: Agencia Vasca de Cooperaci\u00f3n y Solidaridad.<\/h6>\n<h4><\/h4>\n<h4><strong>\u00bfQu\u00e9 son?<\/strong><\/h4>\n<ul>\n<li>Son becas destinadas a impulsar la especializaci\u00f3n y formaci\u00f3n de profesionales en el \u00e1rea de cooperaci\u00f3n para el desarrollo.<\/li>\n<li>Esta formaci\u00f3n se lleva a cabo en la sede de eLankidetza-Agencia Vasca de Cooperaci\u00f3n y Solidaridad en Vitoria-Gasteiz y tiene una duraci\u00f3n de 12 meses.<\/li>\n<\/ul>\n<h4><strong>Especializaciones:<\/strong><\/h4>\n<ul>\n<li>G\u00e9nero y desarrollo<\/li>\n<li>Acci\u00f3n humanitaria<\/li>\n<li>Educaci\u00f3n y comunicaci\u00f3n para la transformaci\u00f3n social<\/li>\n<li>Protecci\u00f3n a personas, organizaciones y comunidades defensoras de derechos humanos<\/li>\n<\/ul>\n<h4><strong>Importe de la beca:<\/strong><\/h4>\n<ul>\n<li>20.000 euros brutos<\/li>\n<\/ul>\n<h4><strong>Fecha de presentaci\u00f3n de solicitudes:<\/strong><\/h4>\n<ul>\n<li>del 14 de junio hasta el 15 de julio de 2024<\/li>\n<\/ul>\n<p>&nbsp;<\/p>\n<a href='https:\/\/www.elankidetza.euskadi.eus\/informacion\/becas-elankidetza\/webela01-eduki\/es\/' class='big-button bigblue' target=\"_blank\">M\u00c1S INFORMACI\u00d3N<\/a>\n","protected":false},"excerpt":{"rendered":"<p>Fuente: Agencia Vasca de Cooperaci\u00f3n y Solidaridad. \u00bfQu\u00e9 son? Son becas destinadas a impulsar la especializaci\u00f3n y formaci\u00f3n de profesionales en el \u00e1rea de cooperaci\u00f3n para el desarrollo. Esta formaci\u00f3n se lleva a cabo en la sede de eLankidetza-Agencia Vasca de Cooperaci\u00f3n y Solidaridad en Vitoria-Gasteiz y tiene una duraci\u00f3n de 12 meses. Especializaciones: G\u00e9nero [&hellip;]<\/p>\n","protected":false},"author":2,"featured_media":12316,"comment_status":"closed","ping_status":"open","sticky":false,"template":"","format":"standard","meta":{"_et_pb_use_builder":"","_et_pb_old_content":"","_et_gb_content_width":"","footnotes":""},"categories":[1],"tags":[],"class_list":["post-12314","post","type-post","status-publish","format-standard","has-post-thumbnail","hentry","category-general"],"yoast_head":"<!-- This site is optimized with the Yoast SEO plugin v18.0 - https:\/\/yoast.com\/wordpress\/plugins\/seo\/ -->\n<title>Becas de especializaci\u00f3n en cooperaci\u00f3n para el desarrollo (Agencia Vasca de Cooperaci\u00f3n y Solidaridad). | Gizalde<\/title>\n<meta name=\"robots\" content=\"index, follow, max-snippet:-1, max-image-preview:large, max-video-preview:-1\" \/>\n<link rel=\"canonical\" href=\"https:\/\/www.gizalde.eus\/es\/becas-de-especializacion-en-cooperacion-para-el-desarrollo-agencia-vasca-de-cooperacion-y-solidaridad\/\" \/>\n<meta property=\"og:locale\" content=\"es_ES\" \/>\n<meta property=\"og:type\" content=\"article\" \/>\n<meta property=\"og:title\" content=\"Becas de especializaci\u00f3n en cooperaci\u00f3n para el desarrollo (Agencia Vasca de Cooperaci\u00f3n y Solidaridad). | Gizalde\" \/>\n<meta property=\"og:description\" content=\"Fuente: Agencia Vasca de Cooperaci\u00f3n y Solidaridad. \u00bfQu\u00e9 son? Son becas destinadas a impulsar la especializaci\u00f3n y formaci\u00f3n de profesionales en el \u00e1rea de cooperaci\u00f3n para el desarrollo. Esta formaci\u00f3n se lleva a cabo en la sede de eLankidetza-Agencia Vasca de Cooperaci\u00f3n y Solidaridad en Vitoria-Gasteiz y tiene una duraci\u00f3n de 12 meses. Especializaciones: G\u00e9nero [&hellip;]\" \/>\n<meta property=\"og:url\" content=\"https:\/\/www.gizalde.eus\/es\/becas-de-especializacion-en-cooperacion-para-el-desarrollo-agencia-vasca-de-cooperacion-y-solidaridad\/\" \/>\n<meta property=\"og:site_name\" content=\"Gizalde\" \/>\n<meta property=\"article:published_time\" content=\"2024-06-25T11:37:47+00:00\" \/>\n<meta property=\"article:modified_time\" content=\"2024-06-25T11:39:58+00:00\" \/>\n<meta property=\"og:image\" content=\"https:\/\/www.gizalde.eus\/wp-content\/uploads\/2024\/06\/Garapenerako-lankidetza-bekak.jpg\" \/>\n\t<meta property=\"og:image:width\" content=\"1881\" \/>\n\t<meta property=\"og:image:height\" content=\"986\" \/>\n\t<meta property=\"og:image:type\" content=\"image\/jpeg\" \/>\n<meta name=\"twitter:card\" content=\"summary_large_image\" \/>\n<meta name=\"twitter:label1\" content=\"Escrito por\" \/>\n\t<meta name=\"twitter:data1\" content=\"Gizalde\" \/>\n\t<meta name=\"twitter:label2\" content=\"Tiempo de lectura\" \/>\n\t<meta name=\"twitter:data2\" content=\"1 minuto\" \/>\n<script type=\"application\/ld+json\" class=\"yoast-schema-graph\">{\"@context\":\"https:\/\/schema.org\",\"@graph\":[{\"@type\":\"WebSite\",\"@id\":\"https:\/\/www.gizalde.eus\/es\/#website\",\"url\":\"https:\/\/www.gizalde.eus\/es\/\",\"name\":\"Gizalde\",\"description\":\"Voluntariado Gipuzkoa\",\"potentialAction\":[{\"@type\":\"SearchAction\",\"target\":{\"@type\":\"EntryPoint\",\"urlTemplate\":\"https:\/\/www.gizalde.eus\/es\/?s={search_term_string}\"},\"query-input\":\"required name=search_term_string\"}],\"inLanguage\":\"es\"},{\"@type\":\"ImageObject\",\"@id\":\"https:\/\/www.gizalde.eus\/es\/becas-de-especializacion-en-cooperacion-para-el-desarrollo-agencia-vasca-de-cooperacion-y-solidaridad\/#primaryimage\",\"inLanguage\":\"es\",\"url\":\"https:\/\/www.gizalde.eus\/wp-content\/uploads\/2024\/06\/Garapenerako-lankidetza-bekak.jpg\",\"contentUrl\":\"https:\/\/www.gizalde.eus\/wp-content\/uploads\/2024\/06\/Garapenerako-lankidetza-bekak.jpg\",\"width\":1881,\"height\":986},{\"@type\":\"WebPage\",\"@id\":\"https:\/\/www.gizalde.eus\/es\/becas-de-especializacion-en-cooperacion-para-el-desarrollo-agencia-vasca-de-cooperacion-y-solidaridad\/#webpage\",\"url\":\"https:\/\/www.gizalde.eus\/es\/becas-de-especializacion-en-cooperacion-para-el-desarrollo-agencia-vasca-de-cooperacion-y-solidaridad\/\",\"name\":\"Becas de especializaci\u00f3n en cooperaci\u00f3n para el desarrollo (Agencia Vasca de Cooperaci\u00f3n y Solidaridad). | Gizalde\",\"isPartOf\":{\"@id\":\"https:\/\/www.gizalde.eus\/es\/#website\"},\"primaryImageOfPage\":{\"@id\":\"https:\/\/www.gizalde.eus\/es\/becas-de-especializacion-en-cooperacion-para-el-desarrollo-agencia-vasca-de-cooperacion-y-solidaridad\/#primaryimage\"},\"datePublished\":\"2024-06-25T11:37:47+00:00\",\"dateModified\":\"2024-06-25T11:39:58+00:00\",\"author\":{\"@id\":\"https:\/\/www.gizalde.eus\/es\/#\/schema\/person\/59449105a637c42df34c36ee93371b2a\"},\"breadcrumb\":{\"@id\":\"https:\/\/www.gizalde.eus\/es\/becas-de-especializacion-en-cooperacion-para-el-desarrollo-agencia-vasca-de-cooperacion-y-solidaridad\/#breadcrumb\"},\"inLanguage\":\"es\",\"potentialAction\":[{\"@type\":\"ReadAction\",\"target\":[\"https:\/\/www.gizalde.eus\/es\/becas-de-especializacion-en-cooperacion-para-el-desarrollo-agencia-vasca-de-cooperacion-y-solidaridad\/\"]}]},{\"@type\":\"BreadcrumbList\",\"@id\":\"https:\/\/www.gizalde.eus\/es\/becas-de-especializacion-en-cooperacion-para-el-desarrollo-agencia-vasca-de-cooperacion-y-solidaridad\/#breadcrumb\",\"itemListElement\":[{\"@type\":\"ListItem\",\"position\":1,\"name\":\"Portada\",\"item\":\"https:\/\/www.gizalde.eus\/es\/\"},{\"@type\":\"ListItem\",\"position\":2,\"name\":\"Becas de especializaci\u00f3n en cooperaci\u00f3n para el desarrollo (Agencia Vasca de Cooperaci\u00f3n y Solidaridad).\"}]},{\"@type\":\"Person\",\"@id\":\"https:\/\/www.gizalde.eus\/es\/#\/schema\/person\/59449105a637c42df34c36ee93371b2a\",\"name\":\"Gizalde\",\"image\":{\"@type\":\"ImageObject\",\"@id\":\"https:\/\/www.gizalde.eus\/es\/#personlogo\",\"inLanguage\":\"es\",\"url\":\"https:\/\/secure.gravatar.com\/avatar\/f8a5e2fe0dc6d3d316f5546f170d13bd5737247911947a52ce26bce707812d83?s=96&d=mm&r=g\",\"contentUrl\":\"https:\/\/secure.gravatar.com\/avatar\/f8a5e2fe0dc6d3d316f5546f170d13bd5737247911947a52ce26bce707812d83?s=96&d=mm&r=g\",\"caption\":\"Gizalde\"}}]}<\/script>\n<!-- \/ Yoast SEO plugin. -->","yoast_head_json":{"title":"Becas de especializaci\u00f3n en cooperaci\u00f3n para el desarrollo (Agencia Vasca de Cooperaci\u00f3n y Solidaridad). | Gizalde","robots":{"index":"index","follow":"follow","max-snippet":"max-snippet:-1","max-image-preview":"max-image-preview:large","max-video-preview":"max-video-preview:-1"},"canonical":"https:\/\/www.gizalde.eus\/es\/becas-de-especializacion-en-cooperacion-para-el-desarrollo-agencia-vasca-de-cooperacion-y-solidaridad\/","og_locale":"es_ES","og_type":"article","og_title":"Becas de especializaci\u00f3n en cooperaci\u00f3n para el desarrollo (Agencia Vasca de Cooperaci\u00f3n y Solidaridad). | Gizalde","og_description":"Fuente: Agencia Vasca de Cooperaci\u00f3n y Solidaridad. \u00bfQu\u00e9 son? Son becas destinadas a impulsar la especializaci\u00f3n y formaci\u00f3n de profesionales en el \u00e1rea de cooperaci\u00f3n para el desarrollo. Esta formaci\u00f3n se lleva a cabo en la sede de eLankidetza-Agencia Vasca de Cooperaci\u00f3n y Solidaridad en Vitoria-Gasteiz y tiene una duraci\u00f3n de 12 meses. Especializaciones: G\u00e9nero [&hellip;]","og_url":"https:\/\/www.gizalde.eus\/es\/becas-de-especializacion-en-cooperacion-para-el-desarrollo-agencia-vasca-de-cooperacion-y-solidaridad\/","og_site_name":"Gizalde","article_published_time":"2024-06-25T11:37:47+00:00","article_modified_time":"2024-06-25T11:39:58+00:00","og_image":[{"width":1881,"height":986,"url":"https:\/\/www.gizalde.eus\/wp-content\/uploads\/2024\/06\/Garapenerako-lankidetza-bekak.jpg","type":"image\/jpeg"}],"twitter_card":"summary_large_image","twitter_misc":{"Escrito por":"Gizalde","Tiempo de lectura":"1 minuto"},"schema":{"@context":"https:\/\/schema.org","@graph":[{"@type":"WebSite","@id":"https:\/\/www.gizalde.eus\/es\/#website","url":"https:\/\/www.gizalde.eus\/es\/","name":"Gizalde","description":"Voluntariado Gipuzkoa","potentialAction":[{"@type":"SearchAction","target":{"@type":"EntryPoint","urlTemplate":"https:\/\/www.gizalde.eus\/es\/?s={search_term_string}"},"query-input":"required name=search_term_string"}],"inLanguage":"es"},{"@type":"ImageObject","@id":"https:\/\/www.gizalde.eus\/es\/becas-de-especializacion-en-cooperacion-para-el-desarrollo-agencia-vasca-de-cooperacion-y-solidaridad\/#primaryimage","inLanguage":"es","url":"https:\/\/www.gizalde.eus\/wp-content\/uploads\/2024\/06\/Garapenerako-lankidetza-bekak.jpg","contentUrl":"https:\/\/www.gizalde.eus\/wp-content\/uploads\/2024\/06\/Garapenerako-lankidetza-bekak.jpg","width":1881,"height":986},{"@type":"WebPage","@id":"https:\/\/www.gizalde.eus\/es\/becas-de-especializacion-en-cooperacion-para-el-desarrollo-agencia-vasca-de-cooperacion-y-solidaridad\/#webpage","url":"https:\/\/www.gizalde.eus\/es\/becas-de-especializacion-en-cooperacion-para-el-desarrollo-agencia-vasca-de-cooperacion-y-solidaridad\/","name":"Becas de especializaci\u00f3n en cooperaci\u00f3n para el desarrollo (Agencia Vasca de Cooperaci\u00f3n y Solidaridad). | Gizalde","isPartOf":{"@id":"https:\/\/www.gizalde.eus\/es\/#website"},"primaryImageOfPage":{"@id":"https:\/\/www.gizalde.eus\/es\/becas-de-especializacion-en-cooperacion-para-el-desarrollo-agencia-vasca-de-cooperacion-y-solidaridad\/#primaryimage"},"datePublished":"2024-06-25T11:37:47+00:00","dateModified":"2024-06-25T11:39:58+00:00","author":{"@id":"https:\/\/www.gizalde.eus\/es\/#\/schema\/person\/59449105a637c42df34c36ee93371b2a"},"breadcrumb":{"@id":"https:\/\/www.gizalde.eus\/es\/becas-de-especializacion-en-cooperacion-para-el-desarrollo-agencia-vasca-de-cooperacion-y-solidaridad\/#breadcrumb"},"inLanguage":"es","potentialAction":[{"@type":"ReadAction","target":["https:\/\/www.gizalde.eus\/es\/becas-de-especializacion-en-cooperacion-para-el-desarrollo-agencia-vasca-de-cooperacion-y-solidaridad\/"]}]},{"@type":"BreadcrumbList","@id":"https:\/\/www.gizalde.eus\/es\/becas-de-especializacion-en-cooperacion-para-el-desarrollo-agencia-vasca-de-cooperacion-y-solidaridad\/#breadcrumb","itemListElement":[{"@type":"ListItem","position":1,"name":"Portada","item":"https:\/\/www.gizalde.eus\/es\/"},{"@type":"ListItem","position":2,"name":"Becas de especializaci\u00f3n en cooperaci\u00f3n para el desarrollo (Agencia Vasca de Cooperaci\u00f3n y Solidaridad)."}]},{"@type":"Person","@id":"https:\/\/www.gizalde.eus\/es\/#\/schema\/person\/59449105a637c42df34c36ee93371b2a","name":"Gizalde","image":{"@type":"ImageObject","@id":"https:\/\/www.gizalde.eus\/es\/#personlogo","inLanguage":"es","url":"https:\/\/secure.gravatar.com\/avatar\/f8a5e2fe0dc6d3d316f5546f170d13bd5737247911947a52ce26bce707812d83?s=96&d=mm&r=g","contentUrl":"https:\/\/secure.gravatar.com\/avatar\/f8a5e2fe0dc6d3d316f5546f170d13bd5737247911947a52ce26bce707812d83?s=96&d=mm&r=g","caption":"Gizalde"}}]}},"_links":{"self":[{"href":"https:\/\/www.gizalde.eus\/es\/wp-json\/wp\/v2\/posts\/12314","targetHints":{"allow":["GET"]}}],"collection":[{"href":"https:\/\/www.gizalde.eus\/es\/wp-json\/wp\/v2\/posts"}],"about":[{"href":"https:\/\/www.gizalde.eus\/es\/wp-json\/wp\/v2\/types\/post"}],"author":[{"embeddable":true,"href":"https:\/\/www.gizalde.eus\/es\/wp-json\/wp\/v2\/users\/2"}],"replies":[{"embeddable":true,"href":"https:\/\/www.gizalde.eus\/es\/wp-json\/wp\/v2\/comments?post=12314"}],"version-history":[{"count":4,"href":"https:\/\/www.gizalde.eus\/es\/wp-json\/wp\/v2\/posts\/12314\/revisions"}],"predecessor-version":[{"id":12320,"href":"https:\/\/www.gizalde.eus\/es\/wp-json\/wp\/v2\/posts\/12314\/revisions\/12320"}],"wp:featuredmedia":[{"embeddable":true,"href":"https:\/\/www.gizalde.eus\/es\/wp-json\/wp\/v2\/media\/12316"}],"wp:attachment":[{"href":"https:\/\/www.gizalde.eus\/es\/wp-json\/wp\/v2\/media?parent=12314"}],"wp:term":[{"taxonomy":"category","embeddable":true,"href":"https:\/\/www.gizalde.eus\/es\/wp-json\/wp\/v2\/categories?post=12314"},{"taxonomy":"post_tag","embeddable":true,"href":"https:\/\/www.gizalde.eus\/es\/wp-json\/wp\/v2\/tags?post=12314"}],"curies":[{"name":"wp","href":"https:\/\/api.w.org\/{rel}","templated":true}]}}