{"id":12012,"date":"2024-09-20T10:30:01","date_gmt":"2024-09-20T09:30:01","guid":{"rendered":"http:\/\/www.gizalde.eus\/?p=12012"},"modified":"2024-10-02T12:44:01","modified_gmt":"2024-10-02T11:44:01","slug":"barometro-2023-del-tercer-sector-social-de-euskadi","status":"publish","type":"post","link":"https:\/\/www.gizalde.eus\/es\/barometro-2023-del-tercer-sector-social-de-euskadi\/","title":{"rendered":"Barometro 2023 del Tercer Sector Social de Euskadi"},"content":{"rendered":"<p>Fuente: Observatorio Vasco del Tercer Sector Social.<\/p>\n<p>Los datos que se ofrecen en el informe pretenden mostrar la caracterizaci\u00f3n de las organizaciones y redes que componen el TSSE que, surgidas de la libre iniciativa ciudadana, recogen e impulsan la solidaridad organizada y la participaci\u00f3n social de la ciudadan\u00eda en general y, en particular, de personas, familias, grupos o comunidades afectadas por una situaci\u00f3n, problema o necesidad de car\u00e1cter social. En el desarrollo de su actividad, las organizaciones combinan la respuesta a las necesidades sociales a trav\u00e9s de servicios, con la incidencia social, realizando mediante su actividad una contribuci\u00f3n social fundamental. Tal y como se\u00f1ala la Ley del TSSE, las organizaciones canalizan un importante capital social, relacional y humano, y constituyen un activo fundamental de la sociedad vasca para configurarse como una sociedad justa, igualitaria, solidaria, cohesionada, participativa y democr\u00e1tica.<\/p>\n<a href='https:\/\/3seuskadi.eus\/wp-content\/uploads\/2024\/04\/Informe_BAROMETRO23_def.pdf' class='big-button bigblue' target=\"_blank\">Barometro 2023 del Tercer Sector Social de Euskadi<\/a>\n","protected":false},"excerpt":{"rendered":"<p>Fuente: Observatorio Vasco del Tercer Sector Social. Los datos que se ofrecen en el informe pretenden mostrar la caracterizaci\u00f3n de las organizaciones y redes que componen el TSSE que, surgidas de la libre iniciativa ciudadana, recogen e impulsan la solidaridad organizada y la participaci\u00f3n social de la ciudadan\u00eda en general y, en particular, de personas, [&hellip;]<\/p>\n","protected":false},"author":2,"featured_media":12011,"comment_status":"closed","ping_status":"open","sticky":false,"template":"","format":"standard","meta":{"_et_pb_use_builder":"","_et_pb_old_content":"","_et_gb_content_width":"","footnotes":""},"categories":[1],"tags":[],"class_list":["post-12012","post","type-post","status-publish","format-standard","has-post-thumbnail","hentry","category-general"],"yoast_head":"<!-- This site is optimized with the Yoast SEO plugin v18.0 - https:\/\/yoast.com\/wordpress\/plugins\/seo\/ -->\n<title>Barometro 2023 del Tercer Sector Social de Euskadi | Gizalde<\/title>\n<meta name=\"robots\" content=\"index, follow, max-snippet:-1, max-image-preview:large, max-video-preview:-1\" \/>\n<link rel=\"canonical\" href=\"https:\/\/www.gizalde.eus\/es\/barometro-2023-del-tercer-sector-social-de-euskadi\/\" \/>\n<meta property=\"og:locale\" content=\"es_ES\" \/>\n<meta property=\"og:type\" content=\"article\" \/>\n<meta property=\"og:title\" content=\"Barometro 2023 del Tercer Sector Social de Euskadi | Gizalde\" \/>\n<meta property=\"og:description\" content=\"Fuente: Observatorio Vasco del Tercer Sector Social. Los datos que se ofrecen en el informe pretenden mostrar la caracterizaci\u00f3n de las organizaciones y redes que componen el TSSE que, surgidas de la libre iniciativa ciudadana, recogen e impulsan la solidaridad organizada y la participaci\u00f3n social de la ciudadan\u00eda en general y, en particular, de personas, [&hellip;]\" \/>\n<meta property=\"og:url\" content=\"https:\/\/www.gizalde.eus\/es\/barometro-2023-del-tercer-sector-social-de-euskadi\/\" \/>\n<meta property=\"og:site_name\" content=\"Gizalde\" \/>\n<meta property=\"article:published_time\" content=\"2024-09-20T09:30:01+00:00\" \/>\n<meta property=\"article:modified_time\" content=\"2024-10-02T11:44:01+00:00\" \/>\n<meta property=\"og:image\" content=\"https:\/\/www.gizalde.eus\/wp-content\/uploads\/2024\/05\/Barometro-2023.png\" \/>\n\t<meta property=\"og:image:width\" content=\"1080\" \/>\n\t<meta property=\"og:image:height\" content=\"1080\" \/>\n\t<meta property=\"og:image:type\" content=\"image\/png\" \/>\n<meta name=\"twitter:card\" content=\"summary_large_image\" \/>\n<meta name=\"twitter:label1\" content=\"Escrito por\" \/>\n\t<meta name=\"twitter:data1\" content=\"Gizalde\" \/>\n\t<meta name=\"twitter:label2\" content=\"Tiempo de lectura\" \/>\n\t<meta name=\"twitter:data2\" content=\"1 minuto\" \/>\n<script type=\"application\/ld+json\" class=\"yoast-schema-graph\">{\"@context\":\"https:\/\/schema.org\",\"@graph\":[{\"@type\":\"WebSite\",\"@id\":\"https:\/\/www.gizalde.eus\/es\/#website\",\"url\":\"https:\/\/www.gizalde.eus\/es\/\",\"name\":\"Gizalde\",\"description\":\"Voluntariado Gipuzkoa\",\"potentialAction\":[{\"@type\":\"SearchAction\",\"target\":{\"@type\":\"EntryPoint\",\"urlTemplate\":\"https:\/\/www.gizalde.eus\/es\/?s={search_term_string}\"},\"query-input\":\"required name=search_term_string\"}],\"inLanguage\":\"es\"},{\"@type\":\"ImageObject\",\"@id\":\"https:\/\/www.gizalde.eus\/es\/barometro-2023-del-tercer-sector-social-de-euskadi\/#primaryimage\",\"inLanguage\":\"es\",\"url\":\"https:\/\/www.gizalde.eus\/wp-content\/uploads\/2024\/05\/Barometro-2023.png\",\"contentUrl\":\"https:\/\/www.gizalde.eus\/wp-content\/uploads\/2024\/05\/Barometro-2023.png\",\"width\":1080,\"height\":1080},{\"@type\":\"WebPage\",\"@id\":\"https:\/\/www.gizalde.eus\/es\/barometro-2023-del-tercer-sector-social-de-euskadi\/#webpage\",\"url\":\"https:\/\/www.gizalde.eus\/es\/barometro-2023-del-tercer-sector-social-de-euskadi\/\",\"name\":\"Barometro 2023 del Tercer Sector Social de Euskadi | Gizalde\",\"isPartOf\":{\"@id\":\"https:\/\/www.gizalde.eus\/es\/#website\"},\"primaryImageOfPage\":{\"@id\":\"https:\/\/www.gizalde.eus\/es\/barometro-2023-del-tercer-sector-social-de-euskadi\/#primaryimage\"},\"datePublished\":\"2024-09-20T09:30:01+00:00\",\"dateModified\":\"2024-10-02T11:44:01+00:00\",\"author\":{\"@id\":\"https:\/\/www.gizalde.eus\/es\/#\/schema\/person\/59449105a637c42df34c36ee93371b2a\"},\"breadcrumb\":{\"@id\":\"https:\/\/www.gizalde.eus\/es\/barometro-2023-del-tercer-sector-social-de-euskadi\/#breadcrumb\"},\"inLanguage\":\"es\",\"potentialAction\":[{\"@type\":\"ReadAction\",\"target\":[\"https:\/\/www.gizalde.eus\/es\/barometro-2023-del-tercer-sector-social-de-euskadi\/\"]}]},{\"@type\":\"BreadcrumbList\",\"@id\":\"https:\/\/www.gizalde.eus\/es\/barometro-2023-del-tercer-sector-social-de-euskadi\/#breadcrumb\",\"itemListElement\":[{\"@type\":\"ListItem\",\"position\":1,\"name\":\"Portada\",\"item\":\"https:\/\/www.gizalde.eus\/es\/\"},{\"@type\":\"ListItem\",\"position\":2,\"name\":\"Barometro 2023 del Tercer Sector Social de Euskadi\"}]},{\"@type\":\"Person\",\"@id\":\"https:\/\/www.gizalde.eus\/es\/#\/schema\/person\/59449105a637c42df34c36ee93371b2a\",\"name\":\"Gizalde\",\"image\":{\"@type\":\"ImageObject\",\"@id\":\"https:\/\/www.gizalde.eus\/es\/#personlogo\",\"inLanguage\":\"es\",\"url\":\"https:\/\/secure.gravatar.com\/avatar\/f8a5e2fe0dc6d3d316f5546f170d13bd5737247911947a52ce26bce707812d83?s=96&d=mm&r=g\",\"contentUrl\":\"https:\/\/secure.gravatar.com\/avatar\/f8a5e2fe0dc6d3d316f5546f170d13bd5737247911947a52ce26bce707812d83?s=96&d=mm&r=g\",\"caption\":\"Gizalde\"}}]}<\/script>\n<!-- \/ Yoast SEO plugin. -->","yoast_head_json":{"title":"Barometro 2023 del Tercer Sector Social de Euskadi | Gizalde","robots":{"index":"index","follow":"follow","max-snippet":"max-snippet:-1","max-image-preview":"max-image-preview:large","max-video-preview":"max-video-preview:-1"},"canonical":"https:\/\/www.gizalde.eus\/es\/barometro-2023-del-tercer-sector-social-de-euskadi\/","og_locale":"es_ES","og_type":"article","og_title":"Barometro 2023 del Tercer Sector Social de Euskadi | Gizalde","og_description":"Fuente: Observatorio Vasco del Tercer Sector Social. Los datos que se ofrecen en el informe pretenden mostrar la caracterizaci\u00f3n de las organizaciones y redes que componen el TSSE que, surgidas de la libre iniciativa ciudadana, recogen e impulsan la solidaridad organizada y la participaci\u00f3n social de la ciudadan\u00eda en general y, en particular, de personas, [&hellip;]","og_url":"https:\/\/www.gizalde.eus\/es\/barometro-2023-del-tercer-sector-social-de-euskadi\/","og_site_name":"Gizalde","article_published_time":"2024-09-20T09:30:01+00:00","article_modified_time":"2024-10-02T11:44:01+00:00","og_image":[{"width":1080,"height":1080,"url":"https:\/\/www.gizalde.eus\/wp-content\/uploads\/2024\/05\/Barometro-2023.png","type":"image\/png"}],"twitter_card":"summary_large_image","twitter_misc":{"Escrito por":"Gizalde","Tiempo de lectura":"1 minuto"},"schema":{"@context":"https:\/\/schema.org","@graph":[{"@type":"WebSite","@id":"https:\/\/www.gizalde.eus\/es\/#website","url":"https:\/\/www.gizalde.eus\/es\/","name":"Gizalde","description":"Voluntariado Gipuzkoa","potentialAction":[{"@type":"SearchAction","target":{"@type":"EntryPoint","urlTemplate":"https:\/\/www.gizalde.eus\/es\/?s={search_term_string}"},"query-input":"required name=search_term_string"}],"inLanguage":"es"},{"@type":"ImageObject","@id":"https:\/\/www.gizalde.eus\/es\/barometro-2023-del-tercer-sector-social-de-euskadi\/#primaryimage","inLanguage":"es","url":"https:\/\/www.gizalde.eus\/wp-content\/uploads\/2024\/05\/Barometro-2023.png","contentUrl":"https:\/\/www.gizalde.eus\/wp-content\/uploads\/2024\/05\/Barometro-2023.png","width":1080,"height":1080},{"@type":"WebPage","@id":"https:\/\/www.gizalde.eus\/es\/barometro-2023-del-tercer-sector-social-de-euskadi\/#webpage","url":"https:\/\/www.gizalde.eus\/es\/barometro-2023-del-tercer-sector-social-de-euskadi\/","name":"Barometro 2023 del Tercer Sector Social de Euskadi | Gizalde","isPartOf":{"@id":"https:\/\/www.gizalde.eus\/es\/#website"},"primaryImageOfPage":{"@id":"https:\/\/www.gizalde.eus\/es\/barometro-2023-del-tercer-sector-social-de-euskadi\/#primaryimage"},"datePublished":"2024-09-20T09:30:01+00:00","dateModified":"2024-10-02T11:44:01+00:00","author":{"@id":"https:\/\/www.gizalde.eus\/es\/#\/schema\/person\/59449105a637c42df34c36ee93371b2a"},"breadcrumb":{"@id":"https:\/\/www.gizalde.eus\/es\/barometro-2023-del-tercer-sector-social-de-euskadi\/#breadcrumb"},"inLanguage":"es","potentialAction":[{"@type":"ReadAction","target":["https:\/\/www.gizalde.eus\/es\/barometro-2023-del-tercer-sector-social-de-euskadi\/"]}]},{"@type":"BreadcrumbList","@id":"https:\/\/www.gizalde.eus\/es\/barometro-2023-del-tercer-sector-social-de-euskadi\/#breadcrumb","itemListElement":[{"@type":"ListItem","position":1,"name":"Portada","item":"https:\/\/www.gizalde.eus\/es\/"},{"@type":"ListItem","position":2,"name":"Barometro 2023 del Tercer Sector Social de Euskadi"}]},{"@type":"Person","@id":"https:\/\/www.gizalde.eus\/es\/#\/schema\/person\/59449105a637c42df34c36ee93371b2a","name":"Gizalde","image":{"@type":"ImageObject","@id":"https:\/\/www.gizalde.eus\/es\/#personlogo","inLanguage":"es","url":"https:\/\/secure.gravatar.com\/avatar\/f8a5e2fe0dc6d3d316f5546f170d13bd5737247911947a52ce26bce707812d83?s=96&d=mm&r=g","contentUrl":"https:\/\/secure.gravatar.com\/avatar\/f8a5e2fe0dc6d3d316f5546f170d13bd5737247911947a52ce26bce707812d83?s=96&d=mm&r=g","caption":"Gizalde"}}]}},"_links":{"self":[{"href":"https:\/\/www.gizalde.eus\/es\/wp-json\/wp\/v2\/posts\/12012","targetHints":{"allow":["GET"]}}],"collection":[{"href":"https:\/\/www.gizalde.eus\/es\/wp-json\/wp\/v2\/posts"}],"about":[{"href":"https:\/\/www.gizalde.eus\/es\/wp-json\/wp\/v2\/types\/post"}],"author":[{"embeddable":true,"href":"https:\/\/www.gizalde.eus\/es\/wp-json\/wp\/v2\/users\/2"}],"replies":[{"embeddable":true,"href":"https:\/\/www.gizalde.eus\/es\/wp-json\/wp\/v2\/comments?post=12012"}],"version-history":[{"count":2,"href":"https:\/\/www.gizalde.eus\/es\/wp-json\/wp\/v2\/posts\/12012\/revisions"}],"predecessor-version":[{"id":12018,"href":"https:\/\/www.gizalde.eus\/es\/wp-json\/wp\/v2\/posts\/12012\/revisions\/12018"}],"wp:featuredmedia":[{"embeddable":true,"href":"https:\/\/www.gizalde.eus\/es\/wp-json\/wp\/v2\/media\/12011"}],"wp:attachment":[{"href":"https:\/\/www.gizalde.eus\/es\/wp-json\/wp\/v2\/media?parent=12012"}],"wp:term":[{"taxonomy":"category","embeddable":true,"href":"https:\/\/www.gizalde.eus\/es\/wp-json\/wp\/v2\/categories?post=12012"},{"taxonomy":"post_tag","embeddable":true,"href":"https:\/\/www.gizalde.eus\/es\/wp-json\/wp\/v2\/tags?post=12012"}],"curies":[{"name":"wp","href":"https:\/\/api.w.org\/{rel}","templated":true}]}}