{"id":11955,"date":"2024-09-21T12:16:48","date_gmt":"2024-09-21T11:16:48","guid":{"rendered":"http:\/\/www.gizalde.eus\/?p=11955"},"modified":"2024-10-02T12:43:35","modified_gmt":"2024-10-02T11:43:35","slug":"estudio-sobre-voluntariado-y-otras-formas-de-participacion-social-en-la-capv-2023","status":"publish","type":"post","link":"https:\/\/www.gizalde.eus\/es\/estudio-sobre-voluntariado-y-otras-formas-de-participacion-social-en-la-capv-2023\/","title":{"rendered":"Estudio sobre Voluntariado y Otras Formas de Participaci\u00f3n Social en la CAPV 2023."},"content":{"rendered":"<p>El Departamento de Igualdad, Justicia y Pol\u00edticas Sociales del Gobierno Vasco, en colaboraci\u00f3n con el Consejo Vasco de Voluntariado, un a\u00f1o mas ha publicado el esperado \u00abEstudio sobre Voluntariado y Otras Formas de Participaci\u00f3n Social en la CAPV 2023\u00bb.<\/p>\n<p>Este estudio, fruto de un proyecto de investigaci\u00f3n, tiene como objetivo actualizar los datos cuantitativos sobre el voluntariado y la participaci\u00f3n social en nuestra comunidad aut\u00f3noma. En l\u00ednea con las pol\u00edticas y estrategias vigentes, se busca profundizar en el conocimiento del voluntariado, destacando su valor altruista y solidario, as\u00ed como fomentar una participaci\u00f3n ciudadana activa.<\/p>\n<p>El informe presenta un an\u00e1lisis detallado sobre el perfil del voluntariado actual, perdido y potencial en las organizaciones del Tercer Sector de Euskadi, as\u00ed como de aquellas personas que participan en otras formas de acci\u00f3n social. Se abordan temas como la pertenencia a organizaciones, el tiempo dedicado a actividades no voluntarias no remuneradas, donaciones econ\u00f3micas y participaci\u00f3n en diversas actividades sociales, culturales y comunitarias.<\/p>\n<p>Para acceder al informe completo, te invitamos a visitar el siguiente enlace:<\/p>\n<p style=\"text-align: center;\"><a href='https:\/\/drive.google.com\/file\/d\/1xhby15S7mX-xs35yhyNYpocpufetnEaW\/view?usp=sharing' class='big-button bigblue' target=\"_blank\">Estudio sobre Voluntariado y Otras Formas de Participaci\u00f3n Social en la CAPV 2023<\/a><\/p>\n","protected":false},"excerpt":{"rendered":"<p>El Departamento de Igualdad, Justicia y Pol\u00edticas Sociales del Gobierno Vasco, en colaboraci\u00f3n con el Consejo Vasco de Voluntariado, un a\u00f1o mas ha publicado el esperado \u00abEstudio sobre Voluntariado y Otras Formas de Participaci\u00f3n Social en la CAPV 2023\u00bb. Este estudio, fruto de un proyecto de investigaci\u00f3n, tiene como objetivo actualizar los datos cuantitativos sobre [&hellip;]<\/p>\n","protected":false},"author":2,"featured_media":11953,"comment_status":"closed","ping_status":"open","sticky":false,"template":"","format":"standard","meta":{"_et_pb_use_builder":"","_et_pb_old_content":"","_et_gb_content_width":"","footnotes":""},"categories":[1],"tags":[],"class_list":["post-11955","post","type-post","status-publish","format-standard","has-post-thumbnail","hentry","category-general"],"yoast_head":"<!-- This site is optimized with the Yoast SEO plugin v18.0 - https:\/\/yoast.com\/wordpress\/plugins\/seo\/ -->\n<title>Estudio sobre Voluntariado y Otras Formas de Participaci\u00f3n Social en la CAPV 2023. | Gizalde<\/title>\n<meta name=\"robots\" content=\"index, follow, max-snippet:-1, max-image-preview:large, max-video-preview:-1\" \/>\n<link rel=\"canonical\" href=\"https:\/\/www.gizalde.eus\/es\/estudio-sobre-voluntariado-y-otras-formas-de-participacion-social-en-la-capv-2023\/\" \/>\n<meta property=\"og:locale\" content=\"es_ES\" \/>\n<meta property=\"og:type\" content=\"article\" \/>\n<meta property=\"og:title\" content=\"Estudio sobre Voluntariado y Otras Formas de Participaci\u00f3n Social en la CAPV 2023. | Gizalde\" \/>\n<meta property=\"og:description\" content=\"El Departamento de Igualdad, Justicia y Pol\u00edticas Sociales del Gobierno Vasco, en colaboraci\u00f3n con el Consejo Vasco de Voluntariado, un a\u00f1o mas ha publicado el esperado \u00abEstudio sobre Voluntariado y Otras Formas de Participaci\u00f3n Social en la CAPV 2023\u00bb. Este estudio, fruto de un proyecto de investigaci\u00f3n, tiene como objetivo actualizar los datos cuantitativos sobre [&hellip;]\" \/>\n<meta property=\"og:url\" content=\"https:\/\/www.gizalde.eus\/es\/estudio-sobre-voluntariado-y-otras-formas-de-participacion-social-en-la-capv-2023\/\" \/>\n<meta property=\"og:site_name\" content=\"Gizalde\" \/>\n<meta property=\"article:published_time\" content=\"2024-09-21T11:16:48+00:00\" \/>\n<meta property=\"article:modified_time\" content=\"2024-10-02T11:43:35+00:00\" \/>\n<meta property=\"og:image\" content=\"https:\/\/www.gizalde.eus\/wp-content\/uploads\/2024\/04\/Banner-estudio-vol.png\" \/>\n\t<meta property=\"og:image:width\" content=\"1080\" \/>\n\t<meta property=\"og:image:height\" content=\"1080\" \/>\n\t<meta property=\"og:image:type\" content=\"image\/png\" \/>\n<meta name=\"twitter:card\" content=\"summary_large_image\" \/>\n<meta name=\"twitter:label1\" content=\"Escrito por\" \/>\n\t<meta name=\"twitter:data1\" content=\"Gizalde\" \/>\n\t<meta name=\"twitter:label2\" content=\"Tiempo de lectura\" \/>\n\t<meta name=\"twitter:data2\" content=\"1 minuto\" \/>\n<script type=\"application\/ld+json\" class=\"yoast-schema-graph\">{\"@context\":\"https:\/\/schema.org\",\"@graph\":[{\"@type\":\"WebSite\",\"@id\":\"https:\/\/www.gizalde.eus\/es\/#website\",\"url\":\"https:\/\/www.gizalde.eus\/es\/\",\"name\":\"Gizalde\",\"description\":\"Voluntariado Gipuzkoa\",\"potentialAction\":[{\"@type\":\"SearchAction\",\"target\":{\"@type\":\"EntryPoint\",\"urlTemplate\":\"https:\/\/www.gizalde.eus\/es\/?s={search_term_string}\"},\"query-input\":\"required name=search_term_string\"}],\"inLanguage\":\"es\"},{\"@type\":\"ImageObject\",\"@id\":\"https:\/\/www.gizalde.eus\/es\/estudio-sobre-voluntariado-y-otras-formas-de-participacion-social-en-la-capv-2023\/#primaryimage\",\"inLanguage\":\"es\",\"url\":\"https:\/\/www.gizalde.eus\/wp-content\/uploads\/2024\/04\/Banner-estudio-vol.png\",\"contentUrl\":\"https:\/\/www.gizalde.eus\/wp-content\/uploads\/2024\/04\/Banner-estudio-vol.png\",\"width\":1080,\"height\":1080},{\"@type\":\"WebPage\",\"@id\":\"https:\/\/www.gizalde.eus\/es\/estudio-sobre-voluntariado-y-otras-formas-de-participacion-social-en-la-capv-2023\/#webpage\",\"url\":\"https:\/\/www.gizalde.eus\/es\/estudio-sobre-voluntariado-y-otras-formas-de-participacion-social-en-la-capv-2023\/\",\"name\":\"Estudio sobre Voluntariado y Otras Formas de Participaci\u00f3n Social en la CAPV 2023. | Gizalde\",\"isPartOf\":{\"@id\":\"https:\/\/www.gizalde.eus\/es\/#website\"},\"primaryImageOfPage\":{\"@id\":\"https:\/\/www.gizalde.eus\/es\/estudio-sobre-voluntariado-y-otras-formas-de-participacion-social-en-la-capv-2023\/#primaryimage\"},\"datePublished\":\"2024-09-21T11:16:48+00:00\",\"dateModified\":\"2024-10-02T11:43:35+00:00\",\"author\":{\"@id\":\"https:\/\/www.gizalde.eus\/es\/#\/schema\/person\/59449105a637c42df34c36ee93371b2a\"},\"breadcrumb\":{\"@id\":\"https:\/\/www.gizalde.eus\/es\/estudio-sobre-voluntariado-y-otras-formas-de-participacion-social-en-la-capv-2023\/#breadcrumb\"},\"inLanguage\":\"es\",\"potentialAction\":[{\"@type\":\"ReadAction\",\"target\":[\"https:\/\/www.gizalde.eus\/es\/estudio-sobre-voluntariado-y-otras-formas-de-participacion-social-en-la-capv-2023\/\"]}]},{\"@type\":\"BreadcrumbList\",\"@id\":\"https:\/\/www.gizalde.eus\/es\/estudio-sobre-voluntariado-y-otras-formas-de-participacion-social-en-la-capv-2023\/#breadcrumb\",\"itemListElement\":[{\"@type\":\"ListItem\",\"position\":1,\"name\":\"Portada\",\"item\":\"https:\/\/www.gizalde.eus\/es\/\"},{\"@type\":\"ListItem\",\"position\":2,\"name\":\"Estudio sobre Voluntariado y Otras Formas de Participaci\u00f3n Social en la CAPV 2023.\"}]},{\"@type\":\"Person\",\"@id\":\"https:\/\/www.gizalde.eus\/es\/#\/schema\/person\/59449105a637c42df34c36ee93371b2a\",\"name\":\"Gizalde\",\"image\":{\"@type\":\"ImageObject\",\"@id\":\"https:\/\/www.gizalde.eus\/es\/#personlogo\",\"inLanguage\":\"es\",\"url\":\"https:\/\/secure.gravatar.com\/avatar\/f8a5e2fe0dc6d3d316f5546f170d13bd5737247911947a52ce26bce707812d83?s=96&d=mm&r=g\",\"contentUrl\":\"https:\/\/secure.gravatar.com\/avatar\/f8a5e2fe0dc6d3d316f5546f170d13bd5737247911947a52ce26bce707812d83?s=96&d=mm&r=g\",\"caption\":\"Gizalde\"}}]}<\/script>\n<!-- \/ Yoast SEO plugin. -->","yoast_head_json":{"title":"Estudio sobre Voluntariado y Otras Formas de Participaci\u00f3n Social en la CAPV 2023. | Gizalde","robots":{"index":"index","follow":"follow","max-snippet":"max-snippet:-1","max-image-preview":"max-image-preview:large","max-video-preview":"max-video-preview:-1"},"canonical":"https:\/\/www.gizalde.eus\/es\/estudio-sobre-voluntariado-y-otras-formas-de-participacion-social-en-la-capv-2023\/","og_locale":"es_ES","og_type":"article","og_title":"Estudio sobre Voluntariado y Otras Formas de Participaci\u00f3n Social en la CAPV 2023. | Gizalde","og_description":"El Departamento de Igualdad, Justicia y Pol\u00edticas Sociales del Gobierno Vasco, en colaboraci\u00f3n con el Consejo Vasco de Voluntariado, un a\u00f1o mas ha publicado el esperado \u00abEstudio sobre Voluntariado y Otras Formas de Participaci\u00f3n Social en la CAPV 2023\u00bb. Este estudio, fruto de un proyecto de investigaci\u00f3n, tiene como objetivo actualizar los datos cuantitativos sobre [&hellip;]","og_url":"https:\/\/www.gizalde.eus\/es\/estudio-sobre-voluntariado-y-otras-formas-de-participacion-social-en-la-capv-2023\/","og_site_name":"Gizalde","article_published_time":"2024-09-21T11:16:48+00:00","article_modified_time":"2024-10-02T11:43:35+00:00","og_image":[{"width":1080,"height":1080,"url":"https:\/\/www.gizalde.eus\/wp-content\/uploads\/2024\/04\/Banner-estudio-vol.png","type":"image\/png"}],"twitter_card":"summary_large_image","twitter_misc":{"Escrito por":"Gizalde","Tiempo de lectura":"1 minuto"},"schema":{"@context":"https:\/\/schema.org","@graph":[{"@type":"WebSite","@id":"https:\/\/www.gizalde.eus\/es\/#website","url":"https:\/\/www.gizalde.eus\/es\/","name":"Gizalde","description":"Voluntariado Gipuzkoa","potentialAction":[{"@type":"SearchAction","target":{"@type":"EntryPoint","urlTemplate":"https:\/\/www.gizalde.eus\/es\/?s={search_term_string}"},"query-input":"required name=search_term_string"}],"inLanguage":"es"},{"@type":"ImageObject","@id":"https:\/\/www.gizalde.eus\/es\/estudio-sobre-voluntariado-y-otras-formas-de-participacion-social-en-la-capv-2023\/#primaryimage","inLanguage":"es","url":"https:\/\/www.gizalde.eus\/wp-content\/uploads\/2024\/04\/Banner-estudio-vol.png","contentUrl":"https:\/\/www.gizalde.eus\/wp-content\/uploads\/2024\/04\/Banner-estudio-vol.png","width":1080,"height":1080},{"@type":"WebPage","@id":"https:\/\/www.gizalde.eus\/es\/estudio-sobre-voluntariado-y-otras-formas-de-participacion-social-en-la-capv-2023\/#webpage","url":"https:\/\/www.gizalde.eus\/es\/estudio-sobre-voluntariado-y-otras-formas-de-participacion-social-en-la-capv-2023\/","name":"Estudio sobre Voluntariado y Otras Formas de Participaci\u00f3n Social en la CAPV 2023. | Gizalde","isPartOf":{"@id":"https:\/\/www.gizalde.eus\/es\/#website"},"primaryImageOfPage":{"@id":"https:\/\/www.gizalde.eus\/es\/estudio-sobre-voluntariado-y-otras-formas-de-participacion-social-en-la-capv-2023\/#primaryimage"},"datePublished":"2024-09-21T11:16:48+00:00","dateModified":"2024-10-02T11:43:35+00:00","author":{"@id":"https:\/\/www.gizalde.eus\/es\/#\/schema\/person\/59449105a637c42df34c36ee93371b2a"},"breadcrumb":{"@id":"https:\/\/www.gizalde.eus\/es\/estudio-sobre-voluntariado-y-otras-formas-de-participacion-social-en-la-capv-2023\/#breadcrumb"},"inLanguage":"es","potentialAction":[{"@type":"ReadAction","target":["https:\/\/www.gizalde.eus\/es\/estudio-sobre-voluntariado-y-otras-formas-de-participacion-social-en-la-capv-2023\/"]}]},{"@type":"BreadcrumbList","@id":"https:\/\/www.gizalde.eus\/es\/estudio-sobre-voluntariado-y-otras-formas-de-participacion-social-en-la-capv-2023\/#breadcrumb","itemListElement":[{"@type":"ListItem","position":1,"name":"Portada","item":"https:\/\/www.gizalde.eus\/es\/"},{"@type":"ListItem","position":2,"name":"Estudio sobre Voluntariado y Otras Formas de Participaci\u00f3n Social en la CAPV 2023."}]},{"@type":"Person","@id":"https:\/\/www.gizalde.eus\/es\/#\/schema\/person\/59449105a637c42df34c36ee93371b2a","name":"Gizalde","image":{"@type":"ImageObject","@id":"https:\/\/www.gizalde.eus\/es\/#personlogo","inLanguage":"es","url":"https:\/\/secure.gravatar.com\/avatar\/f8a5e2fe0dc6d3d316f5546f170d13bd5737247911947a52ce26bce707812d83?s=96&d=mm&r=g","contentUrl":"https:\/\/secure.gravatar.com\/avatar\/f8a5e2fe0dc6d3d316f5546f170d13bd5737247911947a52ce26bce707812d83?s=96&d=mm&r=g","caption":"Gizalde"}}]}},"_links":{"self":[{"href":"https:\/\/www.gizalde.eus\/es\/wp-json\/wp\/v2\/posts\/11955","targetHints":{"allow":["GET"]}}],"collection":[{"href":"https:\/\/www.gizalde.eus\/es\/wp-json\/wp\/v2\/posts"}],"about":[{"href":"https:\/\/www.gizalde.eus\/es\/wp-json\/wp\/v2\/types\/post"}],"author":[{"embeddable":true,"href":"https:\/\/www.gizalde.eus\/es\/wp-json\/wp\/v2\/users\/2"}],"replies":[{"embeddable":true,"href":"https:\/\/www.gizalde.eus\/es\/wp-json\/wp\/v2\/comments?post=11955"}],"version-history":[{"count":3,"href":"https:\/\/www.gizalde.eus\/es\/wp-json\/wp\/v2\/posts\/11955\/revisions"}],"predecessor-version":[{"id":11958,"href":"https:\/\/www.gizalde.eus\/es\/wp-json\/wp\/v2\/posts\/11955\/revisions\/11958"}],"wp:featuredmedia":[{"embeddable":true,"href":"https:\/\/www.gizalde.eus\/es\/wp-json\/wp\/v2\/media\/11953"}],"wp:attachment":[{"href":"https:\/\/www.gizalde.eus\/es\/wp-json\/wp\/v2\/media?parent=11955"}],"wp:term":[{"taxonomy":"category","embeddable":true,"href":"https:\/\/www.gizalde.eus\/es\/wp-json\/wp\/v2\/categories?post=11955"},{"taxonomy":"post_tag","embeddable":true,"href":"https:\/\/www.gizalde.eus\/es\/wp-json\/wp\/v2\/tags?post=11955"}],"curies":[{"name":"wp","href":"https:\/\/api.w.org\/{rel}","templated":true}]}}